{"id":79207,"date":"2019-05-02T20:05:11","date_gmt":"2019-05-02T16:05:11","guid":{"rendered":""},"modified":"-0001-11-30T00:00:00","modified_gmt":"-0001-11-29T20:00:00","slug":"","status":"publish","type":"post","link":"https:\/\/ucnoqta.az\/?p=79207","title":{"rendered":"Messi milli komandada oynamaqdan imtina edib"},"content":{"rendered":"<p><strong>Futbol &uuml;zr\u0259 \u0130spaniya milli komandas\u0131n\u0131n ke&ccedil;mi\u015f ba\u015f m\u0259\u015fq&ccedil;isi Visente Del Boske &ccedil;ox maraql\u0131 a&ccedil;\u0131qlama verib.<\/strong><\/p>\n<p>\u0130span m&uuml;t\u0259x\u0259ssisin dediyin\u0259 g&ouml;r\u0259, &ldquo;Barselona&rdquo;n\u0131n ulduzu Lionel Messi b&uuml;t&uuml;n klub karyeras\u0131n\u0131 ke&ccedil;irdiyi &ouml;lk\u0259nin y\u0131\u011fmas\u0131ndan d\u0259v\u0259t al\u0131bm\u0131\u015f. Bizimyol.info x\u0259b\u0259r verir ki, Del Boske &ldquo;Radio Villa Trinidad&rdquo;\u0131n canl\u0131 efirind\u0259 fakt\u0131 a&ccedil;\u0131qlay\u0131b.<\/p>\n<p>\u0130span m&uuml;t\u0259x\u0259ssis deyib: &ldquo;Messi \u0130spaniya milli komandas\u0131n\u0131 xeyli g&uuml;cl\u0259ndir\u0259rdi. D\u0259qiq bilir\u0259m ki, federasiya onu yola g\u0259tirm\u0259k &uuml;&ccedil;&uuml;n &ccedil;ox &ccedil;al\u0131\u015f\u0131b. Messi h\u0259r d\u0259f\u0259 imtina edirdi. &Ccedil;&uuml;nki &ouml;z &ouml;lk\u0259sinin milli komandas\u0131nda oynamaq ist\u0259yirdi&rdquo;.<\/p>\n<p>Del Boske deyib ki, Messi il\u0259 \u0130spaniya milli komandas\u0131nda birlikd\u0259 i\u015fl\u0259m\u0259k ist\u0259rdi: &ldquo;&Ccedil;&uuml;nki d&uuml;nyada onun kimi futbol&ccedil;u yoxdur&rdquo;.<\/p>\n","protected":false},"excerpt":{"rendered":"<p>Futbol &uuml;zr\u0259 \u0130spaniya milli komandas\u0131n\u0131n ke&ccedil;mi\u015f ba\u015f m\u0259\u015fq&ccedil;isi Visente Del Boske &ccedil;ox maraql\u0131 a&ccedil;\u0131qlama verib. \u0130span m&uuml;t\u0259x\u0259ssisin dediyin\u0259 g&ouml;r\u0259, &ldquo;Barselona&rdquo;n\u0131n ulduzu Lionel Messi b&uuml;t&uuml;n klub karyeras\u0131n\u0131 ke&ccedil;irdiyi &ouml;lk\u0259nin y\u0131\u011fmas\u0131ndan d\u0259v\u0259t&hellip;<\/p>\n","protected":false},"author":1,"featured_media":251278,"comment_status":"open","ping_status":"open","sticky":false,"template":"","format":"standard","meta":{"_lmt_disableupdate":"","_lmt_disable":"","footnotes":""},"categories":[90],"tags":[],"class_list":["post-79207","post","type-post","status-publish","format-standard","has-post-thumbnail","hentry","category-idman-butun-xeberler"],"_links":{"self":[{"href":"https:\/\/ucnoqta.az\/index.php?rest_route=\/wp\/v2\/posts\/79207","targetHints":{"allow":["GET"]}}],"collection":[{"href":"https:\/\/ucnoqta.az\/index.php?rest_route=\/wp\/v2\/posts"}],"about":[{"href":"https:\/\/ucnoqta.az\/index.php?rest_route=\/wp\/v2\/types\/post"}],"author":[{"embeddable":true,"href":"https:\/\/ucnoqta.az\/index.php?rest_route=\/wp\/v2\/users\/1"}],"replies":[{"embeddable":true,"href":"https:\/\/ucnoqta.az\/index.php?rest_route=%2Fwp%2Fv2%2Fcomments&post=79207"}],"version-history":[{"count":0,"href":"https:\/\/ucnoqta.az\/index.php?rest_route=\/wp\/v2\/posts\/79207\/revisions"}],"wp:featuredmedia":[{"embeddable":true,"href":"https:\/\/ucnoqta.az\/index.php?rest_route=\/wp\/v2\/media\/251278"}],"wp:attachment":[{"href":"https:\/\/ucnoqta.az\/index.php?rest_route=%2Fwp%2Fv2%2Fmedia&parent=79207"}],"wp:term":[{"taxonomy":"category","embeddable":true,"href":"https:\/\/ucnoqta.az\/index.php?rest_route=%2Fwp%2Fv2%2Fcategories&post=79207"},{"taxonomy":"post_tag","embeddable":true,"href":"https:\/\/ucnoqta.az\/index.php?rest_route=%2Fwp%2Fv2%2Ftags&post=79207"}],"curies":[{"name":"wp","href":"https:\/\/api.w.org\/{rel}","templated":true}]}}