{"id":79199,"date":"2019-05-02T18:01:20","date_gmt":"2019-05-02T14:01:20","guid":{"rendered":""},"modified":"-0001-11-30T00:00:00","modified_gmt":"-0001-11-29T20:00:00","slug":"","status":"publish","type":"post","link":"https:\/\/ucnoqta.az\/?p=79199","title":{"rendered":"<b>Avtomobil \u0259lil ki\u015fini piyada ke\u00e7idind\u0259 vurdu<font color=red> &#8211; V\u0130DEO<\/font><\/b>"},"content":{"rendered":"<p style=\"color: rgb(0, 0, 0); outline: 0px; margin: 0px 0px 5px; padding: 0px; border: 0px; font-variant-numeric: inherit; font-variant-east-asian: inherit; font-stretch: inherit; font-size: 15px; line-height: inherit; font-family: Arial; vertical-align: baseline;\">T&uuml;rkiy\u0259nin Karab&uuml;k vilay\u0259tind\u0259 piyada ke&ccedil;idind\u0259n ke&ccedil;m\u0259k ist\u0259y\u0259n \u0259lil ki\u015fini avtomobil vurub.<\/p>\n<p style=\"color: rgb(0, 0, 0); outline: 0px; margin: 0px 0px 5px; padding: 0px; border: 0px; font-variant-numeric: inherit; font-variant-east-asian: inherit; font-stretch: inherit; font-size: 15px; line-height: inherit; font-family: Arial; vertical-align: baseline;\">Hadis\u0259 Zonquldak k&uuml;&ccedil;\u0259sind\u0259 ba\u015f verib.<\/p>\n<p style=\"color: rgb(0, 0, 0); outline: 0px; margin: 0px 0px 5px; padding: 0px; border: 0px; font-variant-numeric: inherit; font-variant-east-asian: inherit; font-stretch: inherit; font-size: 15px; line-height: inherit; font-family: Arial; vertical-align: baseline;\">\u018flil arabas\u0131 il\u0259 piyada ke&ccedil;idind\u0259n ke&ccedil;m\u0259k ist\u0259y\u0259n 46 ya\u015fl\u0131 \u0259lil Mustafa Koraman\u0131, y&uuml;ks\u0259k s&uuml;r\u0259tl\u0259 h\u0259r\u0259k\u0259td\u0259 olan ma\u015f\u0131n vurub.<\/p>\n<p style=\"color: rgb(0, 0, 0); outline: 0px; margin: 0px 0px 5px; padding: 0px; border: 0px; font-variant-numeric: inherit; font-variant-east-asian: inherit; font-stretch: inherit; font-size: 15px; line-height: inherit; font-family: Arial; vertical-align: baseline;\">&nbsp;<\/p>\n<p style=\"color: rgb(0, 0, 0); outline: 0px; margin: 0px 0px 5px; padding: 0px; border: 0px; font-variant-numeric: inherit; font-variant-east-asian: inherit; font-stretch: inherit; font-size: 15px; line-height: inherit; font-family: Arial; vertical-align: baseline;\">Q\u0259zan\u0131n g&uuml;c&uuml;nd\u0259n yer\u0259 y\u0131x\u0131lan Koraman\u0131n k&ouml;m\u0259yin\u0259 ilk olaraq \u0259trafdak\u0131 v\u0259t\u0259nda\u015flar g\u0259lib.<\/p>\n<p style=\"color: rgb(0, 0, 0); outline: 0px; margin: 0px 0px 5px; padding: 0px; border: 0px; font-variant-numeric: inherit; font-variant-east-asian: inherit; font-stretch: inherit; font-size: 15px; line-height: inherit; font-family: Arial; vertical-align: baseline;\">Dig\u0259r insanlar\u0131n x\u0259b\u0259r verm\u0259si il\u0259 hadis\u0259 yerin\u0259 s\u0259hiyy\u0259 \u0259m\u0259kda\u015flar\u0131 g\u0259lib.<\/p>\n<p style=\"color: rgb(0, 0, 0); outline: 0px; margin: 0px 0px 5px; padding: 0px; border: 0px; font-variant-numeric: inherit; font-variant-east-asian: inherit; font-stretch: inherit; font-size: 15px; line-height: inherit; font-family: Arial; vertical-align: baseline;\">Yaral\u0131 t\u0259cili tibbi yard\u0131m ma\u015f\u0131n\u0131 il\u0259 x\u0259st\u0259xanaya apar\u0131l\u0131b.<\/p>\n<p style=\"color: rgb(0, 0, 0); outline: 0px; margin: 0px 0px 5px; padding: 0px; border: 0px; font-variant-numeric: inherit; font-variant-east-asian: inherit; font-stretch: inherit; font-size: 15px; line-height: inherit; font-family: Arial; vertical-align: baseline;\">Onun v\u0259ziyy\u0259tinin yax\u015f\u0131 oldu\u011fu bildirilib.<\/p>\n<p style=\"color: rgb(0, 0, 0); outline: 0px; margin: 0px 0px 5px; padding: 0px; border: 0px; font-variant-numeric: inherit; font-variant-east-asian: inherit; font-stretch: inherit; font-size: 15px; line-height: inherit; font-family: Arial; vertical-align: baseline;\">Polis q\u0259za il\u0259 ba\u011fl\u0131 ara\u015fd\u0131rmalara ba\u015flay\u0131b.<\/p>\n<p style=\"color: rgb(0, 0, 0); outline: 0px; margin: 0px 0px 5px; padding: 0px; border: 0px; font-variant-numeric: inherit; font-variant-east-asian: inherit; font-stretch: inherit; font-size: 15px; line-height: inherit; font-family: Arial; vertical-align: baseline;\">Ba\u015f ver\u0259n q\u0259zan\u0131n g&ouml;r&uuml;nt&uuml;l\u0259ri t\u0259hl&uuml;k\u0259sizlik kameras\u0131 t\u0259r\u0259find\u0259n qeyd\u0259 al\u0131n\u0131b.<\/p>\n<p style=\"color: rgb(0, 0, 0); outline: 0px; margin: 0px 0px 5px; padding: 0px; border: 0px; font-variant-numeric: inherit; font-variant-east-asian: inherit; font-stretch: inherit; font-size: 15px; line-height: inherit; font-family: Arial; vertical-align: baseline;\"><span style=\"color: rgb(0, 0, 0); font-family: Arial; font-size: 15px;\">Ucnoqta.az \u0130HA-ya istinad\u0259n h\u0259min videonu t\u0259qdim edir:&nbsp;<\/span><\/p>\n<p style=\"color: rgb(0, 0, 0); outline: 0px; margin: 0px 0px 5px; padding: 0px; border: 0px; font-variant-numeric: inherit; font-variant-east-asian: inherit; font-stretch: inherit; font-size: 15px; line-height: inherit; font-family: Arial; vertical-align: baseline;\">&nbsp;<\/p>\n<p style=\"color: rgb(0, 0, 0); outline: 0px; margin: 0px 0px 5px; padding: 0px; border: 0px; font-variant-numeric: inherit; font-variant-east-asian: inherit; font-stretch: inherit; font-size: 15px; line-height: inherit; font-family: Arial; vertical-align: baseline;\"><strong style=\"outline: 0px; margin: 0px; padding: 0px; border: 0px; font-style: inherit; font-variant: inherit; font-stretch: inherit; font-size: inherit; line-height: inherit; font-family: inherit; vertical-align: baseline;\">Namiq<\/strong><\/p>\n<p style=\"color: rgb(0, 0, 0); outline: 0px; margin: 0px 0px 5px; padding: 0px; border: 0px; font-variant-numeric: inherit; font-variant-east-asian: inherit; font-stretch: inherit; font-size: 15px; line-height: inherit; font-family: Arial; vertical-align: baseline;\">&nbsp;<\/p>\n<p><iframe frameborder=\"0\" height=\"360\" scrolling=\"no\" src=\"https:\/\/www.iha.com.tr\/ivideo.php?vid=126692\" width=\"640\"><\/iframe><\/p>\n","protected":false},"excerpt":{"rendered":"<p>T&uuml;rkiy\u0259nin Karab&uuml;k vilay\u0259tind\u0259 piyada ke&ccedil;idind\u0259n ke&ccedil;m\u0259k ist\u0259y\u0259n \u0259lil ki\u015fini avtomobil vurub. Hadis\u0259 Zonquldak k&uuml;&ccedil;\u0259sind\u0259 ba\u015f verib. \u018flil arabas\u0131 il\u0259 piyada ke&ccedil;idind\u0259n ke&ccedil;m\u0259k ist\u0259y\u0259n 46 ya\u015fl\u0131 \u0259lil Mustafa Koraman\u0131, y&uuml;ks\u0259k s&uuml;r\u0259tl\u0259&hellip;<\/p>\n","protected":false},"author":1,"featured_media":251278,"comment_status":"open","ping_status":"open","sticky":false,"template":"","format":"standard","meta":{"_lmt_disableupdate":"","_lmt_disable":"","footnotes":""},"categories":[],"tags":[],"class_list":["post-79199","post","type-post","status-publish","format-standard","has-post-thumbnail","hentry"],"_links":{"self":[{"href":"https:\/\/ucnoqta.az\/index.php?rest_route=\/wp\/v2\/posts\/79199","targetHints":{"allow":["GET"]}}],"collection":[{"href":"https:\/\/ucnoqta.az\/index.php?rest_route=\/wp\/v2\/posts"}],"about":[{"href":"https:\/\/ucnoqta.az\/index.php?rest_route=\/wp\/v2\/types\/post"}],"author":[{"embeddable":true,"href":"https:\/\/ucnoqta.az\/index.php?rest_route=\/wp\/v2\/users\/1"}],"replies":[{"embeddable":true,"href":"https:\/\/ucnoqta.az\/index.php?rest_route=%2Fwp%2Fv2%2Fcomments&post=79199"}],"version-history":[{"count":0,"href":"https:\/\/ucnoqta.az\/index.php?rest_route=\/wp\/v2\/posts\/79199\/revisions"}],"wp:featuredmedia":[{"embeddable":true,"href":"https:\/\/ucnoqta.az\/index.php?rest_route=\/wp\/v2\/media\/251278"}],"wp:attachment":[{"href":"https:\/\/ucnoqta.az\/index.php?rest_route=%2Fwp%2Fv2%2Fmedia&parent=79199"}],"wp:term":[{"taxonomy":"category","embeddable":true,"href":"https:\/\/ucnoqta.az\/index.php?rest_route=%2Fwp%2Fv2%2Fcategories&post=79199"},{"taxonomy":"post_tag","embeddable":true,"href":"https:\/\/ucnoqta.az\/index.php?rest_route=%2Fwp%2Fv2%2Ftags&post=79199"}],"curies":[{"name":"wp","href":"https:\/\/api.w.org\/{rel}","templated":true}]}}