{"id":79189,"date":"2019-05-02T15:34:04","date_gmt":"2019-05-02T11:34:04","guid":{"rendered":""},"modified":"-0001-11-30T00:00:00","modified_gmt":"-0001-11-29T20:00:00","slug":"","status":"publish","type":"post","link":"https:\/\/ucnoqta.az\/?p=79189","title":{"rendered":"<font color=red><b>Prezident \u0130lham \u018fliyev \u0130slam \u018fm\u0259kda\u015fl\u0131q T\u0259\u015fkilat\u0131n\u0131n Ba\u015f katibini q\u0259bul edib<\/b><\/font>"},"content":{"rendered":"<p><strong>Az\u0259rbaycan Respublikas\u0131n\u0131n Prezidenti \u0130lham \u018fliyev may\u0131n 2-d\u0259 \u0130slam \u018fm\u0259kda\u015fl\u0131q T\u0259\u015fkilat\u0131n\u0131n Ba\u015f katibi Yusif bin \u018fhm\u0259d \u018fl-Osaymini q\u0259bul edib.<\/strong><\/p>\n<p>\u0130slam \u018fm\u0259kda\u015fl\u0131q T\u0259\u015fkilat\u0131n\u0131n Ba\u015f katibi Yusif bin \u018fhm\u0259d \u018fl-Osaymi V &Uuml;mumd&uuml;nya M\u0259d\u0259niyy\u0259tl\u0259raras\u0131 Dialoq Forumunun \u0259h\u0259miyy\u0259tini qeyd ed\u0259r\u0259k &ldquo;Bak\u0131 prosesi&rdquo;nin art\u0131q t\u0259sisatlanm\u0131\u015f bir mexanizm\u0259 &ccedil;evrildiyini s&ouml;yl\u0259di. Bu g&uuml;n Az\u0259rbaycan\u0131n n\u0259qliyyat qov\u015fa\u011f\u0131 olmaqla yana\u015f\u0131, dialoq v\u0259 \u0259m\u0259kda\u015fl\u0131\u011f\u0131n da qov\u015fa\u011f\u0131na &ccedil;evrildiyini qeyd ed\u0259n Yusif bin \u018fhm\u0259d \u018fl-Osaymin Az\u0259rbaycan\u0131 dinc birg\u0259 ya\u015fay\u0131\u015f\u0131n r\u0259mzi kimi xarakteriz\u0259 etdi.<\/p>\n<p>\u0130slam \u018fm\u0259kda\u015fl\u0131q T\u0259\u015fkilat\u0131n\u0131n Ba\u015f katibin\u0259 Forumda i\u015ftirak\u0131na g&ouml;r\u0259 t\u0259\u015f\u0259kk&uuml;r&uuml;n&uuml; bildir\u0259n Prezident \u0130lham \u018fliyev qona\u011f\u0131n Forumun a&ccedil;\u0131l\u0131\u015f m\u0259rasimind\u0259 s&ouml;yl\u0259diyi fikirl\u0259rin \u0259h\u0259miyy\u0259tini vur\u011fulad\u0131. D&ouml;vl\u0259timizin ba\u015f&ccedil;\u0131s\u0131 &ldquo;Bak\u0131 prosesi&rdquo;nin m&uuml;h&uuml;m beyn\u0259lxalq platforma oldu\u011funu dedi. Bu prosesin 10 ild\u0259n art\u0131q davam etdiyini v\u0259 bu g&uuml;n d&uuml;nyada m\u0259d\u0259niyy\u0259tl\u0259raras\u0131 \u0259laq\u0259l\u0259rin v\u0259 dinl\u0259raras\u0131 \u0259m\u0259kda\u015fl\u0131\u011f\u0131n qurulmas\u0131nda \u0259n s\u0259m\u0259r\u0259li mexanizml\u0259rd\u0259n biri kimi tan\u0131nd\u0131\u011f\u0131n\u0131 diqq\u0259t\u0259 &ccedil;atd\u0131rd\u0131.<\/p>\n<p>G&ouml;r&uuml;\u015fd\u0259 \u0130slam d&uuml;nyas\u0131nda birliyin v\u0259 h\u0259mr\u0259yliyin vacibliyi qeyd olundu v\u0259 Az\u0259rbaycan\u0131n bu istiqam\u0259td\u0259 g&ouml;rd&uuml;y&uuml; i\u015fl\u0259r t\u0259qdir edildi, \u0130slam \u018fm\u0259kda\u015fl\u0131q T\u0259\u015fkilat\u0131n\u0131n g&uuml;nd\u0259liyind\u0259 duran m\u0259s\u0259l\u0259l\u0259r\u0259 dair fikir m&uuml;badil\u0259si apar\u0131ld\u0131.<\/p>\n","protected":false},"excerpt":{"rendered":"<p>Az\u0259rbaycan Respublikas\u0131n\u0131n Prezidenti \u0130lham \u018fliyev may\u0131n 2-d\u0259 \u0130slam \u018fm\u0259kda\u015fl\u0131q T\u0259\u015fkilat\u0131n\u0131n Ba\u015f katibi Yusif bin \u018fhm\u0259d \u018fl-Osaymini q\u0259bul edib. \u0130slam \u018fm\u0259kda\u015fl\u0131q T\u0259\u015fkilat\u0131n\u0131n Ba\u015f katibi Yusif bin \u018fhm\u0259d \u018fl-Osaymi V &Uuml;mumd&uuml;nya M\u0259d\u0259niyy\u0259tl\u0259raras\u0131&hellip;<\/p>\n","protected":false},"author":1,"featured_media":251278,"comment_status":"open","ping_status":"open","sticky":false,"template":"","format":"standard","meta":{"_lmt_disableupdate":"","_lmt_disable":"","footnotes":""},"categories":[],"tags":[],"class_list":["post-79189","post","type-post","status-publish","format-standard","has-post-thumbnail","hentry"],"_links":{"self":[{"href":"https:\/\/ucnoqta.az\/index.php?rest_route=\/wp\/v2\/posts\/79189","targetHints":{"allow":["GET"]}}],"collection":[{"href":"https:\/\/ucnoqta.az\/index.php?rest_route=\/wp\/v2\/posts"}],"about":[{"href":"https:\/\/ucnoqta.az\/index.php?rest_route=\/wp\/v2\/types\/post"}],"author":[{"embeddable":true,"href":"https:\/\/ucnoqta.az\/index.php?rest_route=\/wp\/v2\/users\/1"}],"replies":[{"embeddable":true,"href":"https:\/\/ucnoqta.az\/index.php?rest_route=%2Fwp%2Fv2%2Fcomments&post=79189"}],"version-history":[{"count":0,"href":"https:\/\/ucnoqta.az\/index.php?rest_route=\/wp\/v2\/posts\/79189\/revisions"}],"wp:featuredmedia":[{"embeddable":true,"href":"https:\/\/ucnoqta.az\/index.php?rest_route=\/wp\/v2\/media\/251278"}],"wp:attachment":[{"href":"https:\/\/ucnoqta.az\/index.php?rest_route=%2Fwp%2Fv2%2Fmedia&parent=79189"}],"wp:term":[{"taxonomy":"category","embeddable":true,"href":"https:\/\/ucnoqta.az\/index.php?rest_route=%2Fwp%2Fv2%2Fcategories&post=79189"},{"taxonomy":"post_tag","embeddable":true,"href":"https:\/\/ucnoqta.az\/index.php?rest_route=%2Fwp%2Fv2%2Ftags&post=79189"}],"curies":[{"name":"wp","href":"https:\/\/api.w.org\/{rel}","templated":true}]}}