{"id":79183,"date":"2019-05-02T14:07:17","date_gmt":"2019-05-02T10:07:17","guid":{"rendered":""},"modified":"-0001-11-30T00:00:00","modified_gmt":"-0001-11-29T20:00:00","slug":"","status":"publish","type":"post","link":"https:\/\/ucnoqta.az\/?p=79183","title":{"rendered":"Nazir m\u00fcavini: Az\u0259rbaycanda yoxsulluq s\u0259viyy\u0259si 5 faiz\u0259d\u0259k azal\u0131b"},"content":{"rendered":"<p><strong>Az\u0259rbaycan 2030-cu il\u0259d\u0259k Dayan\u0131ql\u0131 \u0130nki\u015faf M\u0259qs\u0259dl\u0259ri &uuml;zr\u0259 m&uuml;\u0259yy\u0259n &ouml;hd\u0259lik g&ouml;t&uuml;rm&uuml;\u015f 193 BMT &uuml;zv &ouml;lk\u0259si s\u0131ras\u0131ndad\u0131r.<\/strong><\/p>\n<p>Bunu \u0130qtisadiyyat nazirinin m&uuml;avini Sevinc H\u0259s\u0259nova Bak\u0131da V &Uuml;mumd&uuml;nya M\u0259d\u0259niyy\u0259tl\u0259raras\u0131 Dialoq Forumu &ccedil;\u0259r&ccedil;iv\u0259sind\u0259 ke&ccedil;iril\u0259n &ldquo;Dayan\u0131ql\u0131 inki\u015faf m\u0259qs\u0259dl\u0259ri &uuml;&ccedil;&uuml;n t\u0259r\u0259fda\u015fl\u0131\u011f\u0131n qurulmas\u0131&rdquo; m&ouml;vzusunda beyn\u0259lxalq t\u0259\u015fkilatlar\u0131n y&uuml;ks\u0259k s\u0259viyy\u0259li g&ouml;r&uuml;\u015f&uuml;nd\u0259 deyib.<\/p>\n<p>Onun s&ouml;zl\u0259rin\u0259 g&ouml;r\u0259, Az\u0259rbaycan Dayan\u0131ql\u0131 \u0130nki\u015faf M\u0259qs\u0259dl\u0259rin\u0259 nail olmaq &uuml;&ccedil;&uuml;n vacib add\u0131mlar at\u0131r:<br \/>\n&ldquo;Az\u0259rbaycan BMT-nin f\u0259al &uuml;zv&uuml;d&uuml;r, yoxsulluq v\u0259 i\u015fsizlikl\u0259 m&uuml;bariz\u0259d\u0259 nailiyy\u0259tl\u0259rin\u0259 g&ouml;r\u0259 &ldquo;C\u0259nub-C\u0259nub&rdquo; m&uuml;kafat\u0131na layiq g&ouml;r&uuml;l&uuml;b&rdquo;.<\/p>\n<p>S.H\u0259s\u0259nova xat\u0131rlad\u0131b ki, 2000-ci ill\u0259rin \u0259vv\u0259lind\u0259 &ouml;lk\u0259d\u0259 yoxsulluq s\u0259viyy\u0259si 50 faiz\u0259 b\u0259rab\u0259r idi, indi is\u0259 bu g&ouml;st\u0259rici 5 faiz\u0259d\u0259k azal\u0131b.<\/p>\n<p>Nazir m&uuml;avini \u0259lav\u0259 edib ki, Az\u0259rbaycan h&ouml;kum\u0259ti Dayan\u0131ql\u0131 \u0130nki\u015faf &uuml;zr\u0259 \u018flaq\u0259l\u0259ndirm\u0259 \u015euras\u0131 yarad\u0131b v\u0259 bu qurum aktiv f\u0259aliyy\u0259t g&ouml;st\u0259rir.<\/p>\n<p>Xat\u0131rladaq ki, may\u0131n 2-d\u0259 Heyd\u0259r \u018fliyev M\u0259rk\u0259zind\u0259 &ldquo;Ayr\u0131-se&ccedil;kilik, qeyri-b\u0259rab\u0259rlik v\u0259 zorak\u0131 m&uuml;naqi\u015f\u0259y\u0259 qar\u015f\u0131 f\u0259aliyy\u0259t namin\u0259 dialoq quraq&rdquo; \u015f&uuml;ar\u0131 alt\u0131nda V &Uuml;mumd&uuml;nya M\u0259d\u0259niyy\u0259tl\u0259raras\u0131 Dialoq Forumu i\u015f\u0259 ba\u015flay\u0131b.<\/p>\n<p>\u0130ki g&uuml;n davam ed\u0259c\u0259k Forum Az\u0259rbaycan h&ouml;kum\u0259tinin t\u0259\u015fkilat&ccedil;\u0131l\u0131\u011f\u0131, UNESCO, BMT-nin Sivilizasiyalar Alyans\u0131, D&uuml;nya Turizm T\u0259\u015fkilat\u0131, Avropa \u015euras\u0131 v\u0259 ISESCO-nun t\u0259r\u0259fda\u015fl\u0131\u011f\u0131 il\u0259 ke&ccedil;irilir. T\u0259dbird\u0259 100-d\u0259n &ccedil;ox &ouml;lk\u0259nin v\u0259 30-dan &ccedil;ox beyn\u0259lxalq t\u0259\u015fkilat\u0131n y&uuml;ks\u0259ks\u0259viyy\u0259li r\u0259smil\u0259ri i\u015ftirak edirl\u0259r.\/trend<\/p>\n","protected":false},"excerpt":{"rendered":"<p>Az\u0259rbaycan 2030-cu il\u0259d\u0259k Dayan\u0131ql\u0131 \u0130nki\u015faf M\u0259qs\u0259dl\u0259ri &uuml;zr\u0259 m&uuml;\u0259yy\u0259n &ouml;hd\u0259lik g&ouml;t&uuml;rm&uuml;\u015f 193 BMT &uuml;zv &ouml;lk\u0259si s\u0131ras\u0131ndad\u0131r. Bunu \u0130qtisadiyyat nazirinin m&uuml;avini Sevinc H\u0259s\u0259nova Bak\u0131da V &Uuml;mumd&uuml;nya M\u0259d\u0259niyy\u0259tl\u0259raras\u0131 Dialoq Forumu &ccedil;\u0259r&ccedil;iv\u0259sind\u0259 ke&ccedil;iril\u0259n &ldquo;Dayan\u0131ql\u0131&hellip;<\/p>\n","protected":false},"author":1,"featured_media":251278,"comment_status":"open","ping_status":"open","sticky":false,"template":"","format":"standard","meta":{"_lmt_disableupdate":"","_lmt_disable":"","footnotes":""},"categories":[],"tags":[],"class_list":["post-79183","post","type-post","status-publish","format-standard","has-post-thumbnail","hentry"],"_links":{"self":[{"href":"https:\/\/ucnoqta.az\/index.php?rest_route=\/wp\/v2\/posts\/79183","targetHints":{"allow":["GET"]}}],"collection":[{"href":"https:\/\/ucnoqta.az\/index.php?rest_route=\/wp\/v2\/posts"}],"about":[{"href":"https:\/\/ucnoqta.az\/index.php?rest_route=\/wp\/v2\/types\/post"}],"author":[{"embeddable":true,"href":"https:\/\/ucnoqta.az\/index.php?rest_route=\/wp\/v2\/users\/1"}],"replies":[{"embeddable":true,"href":"https:\/\/ucnoqta.az\/index.php?rest_route=%2Fwp%2Fv2%2Fcomments&post=79183"}],"version-history":[{"count":0,"href":"https:\/\/ucnoqta.az\/index.php?rest_route=\/wp\/v2\/posts\/79183\/revisions"}],"wp:featuredmedia":[{"embeddable":true,"href":"https:\/\/ucnoqta.az\/index.php?rest_route=\/wp\/v2\/media\/251278"}],"wp:attachment":[{"href":"https:\/\/ucnoqta.az\/index.php?rest_route=%2Fwp%2Fv2%2Fmedia&parent=79183"}],"wp:term":[{"taxonomy":"category","embeddable":true,"href":"https:\/\/ucnoqta.az\/index.php?rest_route=%2Fwp%2Fv2%2Fcategories&post=79183"},{"taxonomy":"post_tag","embeddable":true,"href":"https:\/\/ucnoqta.az\/index.php?rest_route=%2Fwp%2Fv2%2Ftags&post=79183"}],"curies":[{"name":"wp","href":"https:\/\/api.w.org\/{rel}","templated":true}]}}