{"id":79182,"date":"2019-05-02T14:00:21","date_gmt":"2019-05-02T10:00:21","guid":{"rendered":""},"modified":"-0001-11-30T00:00:00","modified_gmt":"-0001-11-29T20:00:00","slug":"","status":"publish","type":"post","link":"https:\/\/ucnoqta.az\/?p=79182","title":{"rendered":"Prezident: <font color=red><b>&#8220;Az\u0259rbaycanda daim dini tolerantl\u0131q h\u00f6km s\u00fcr\u00fcb&#8221;<\/b><\/font>"},"content":{"rendered":"<p><strong>Prezident&nbsp;\u0130lham \u018fliyev&nbsp;V D&uuml;nya M\u0259d\u0259niyy\u0259tl\u0259raras\u0131 Dialoq Forumunun a&ccedil;\u0131l\u0131\u015f m\u0259rasimind\u0259ki &ccedil;\u0131x\u0131\u015f\u0131nda&nbsp;bu m&ouml;t\u0259b\u0259r t\u0259dbir\u0259&nbsp;d&uuml;nyan\u0131n 100-d\u0259n &ccedil;ox &ouml;lk\u0259sind\u0259n 500-d\u0259n &ccedil;ox n&uuml;may\u0259nd\u0259nin qat\u0131ld\u0131\u011f\u0131n\u0131 bildirib.<\/strong><\/p>\n<p>D&ouml;vl\u0259t ba\u015f&ccedil;\u0131s\u0131 Az\u0259rbaycanda \u0259srl\u0259r boyunca m&uuml;xt\u0259lif dinl\u0259rin, etnik qruplar\u0131n birg\u0259 ya\u015fad\u0131\u011f\u0131n\u0131, &ouml;lk\u0259d\u0259 daim dini tolerantl\u0131\u011f\u0131n h&ouml;km s&uuml;rd&uuml;y&uuml;n&uuml; vur\u011fulay\u0131b. Respublikam\u0131zda multikulturalizmin d&ouml;vl\u0259t siyas\u0259tinin m&uuml;h&uuml;m t\u0259rkib hiss\u0259si oldu\u011funu qeyd ed\u0259n Prezident \u0130lham \u018fliyev 2016-c\u0131 ilin Az\u0259rbaycanda multikulturalizm, 2017-ci ilin is\u0259 \u0130slam h\u0259mr\u0259yliyi ili elan edildiyini bildirib.<\/p>\n<p>D&ouml;vl\u0259t ba\u015f&ccedil;\u0131s\u0131 qeyd edib ki, d&uuml;nyada multikulturalizmin tendensiya hal\u0131n\u0131 almas\u0131 beyn\u0259lxalq s\u0259viyy\u0259d\u0259 s&uuml;lh\u0259, t\u0259r\u0259fda\u015fl\u0131\u011fa vacib t&ouml;hf\u0259 olard\u0131. Bu bax\u0131mdan, multikulturalizm v\u0259 bu y&ouml;nd\u0259 Az\u0259rbaycanda ke&ccedil;iril\u0259n dig\u0259r silsil\u0259 beyn\u0259lxalq t\u0259dbirl\u0259r m&uuml;h&uuml;m \u0259h\u0259miyy\u0259t k\u0259sb edir.<\/p>\n<p>D&ouml;vl\u0259t ba\u015f&ccedil;\u0131s\u0131 vur\u011fulay\u0131b ki, Bak\u0131da ke&ccedil;iril\u0259n n&ouml;vb\u0259ti Forum &ccedil;\u0259r&ccedil;iv\u0259sind\u0259 apar\u0131lacaq m&uuml;zakir\u0259l\u0259r, fikir m&uuml;badil\u0259si &uuml;mumi m\u0259qs\u0259dl\u0259r\u0259 xidm\u0259t ed\u0259c\u0259k.<br \/>\n&ldquo;Bak\u0131 Prosesi&rdquo;nin&nbsp;BMT&nbsp;v\u0259 dig\u0259r m&ouml;t\u0259b\u0259r t\u0259\u015fkilatlar t\u0259r\u0259find\u0259 d\u0259st\u0259kl\u0259ndiyini dey\u0259n Prezident \u0130lham \u018fliyev burada q\u0259bul edil\u0259n q\u0259rarlar\u0131n \u0259h\u0259miyy\u0259td\u0259n dan\u0131\u015f\u0131b. Avropa il\u0259 Asiyan\u0131n k\u0259si\u015fm\u0259sind\u0259 yerl\u0259\u015f\u0259n Az\u0259rbaycan\u0131n m&uuml;st\u0259qillik bax\u0131m\u0131ndan g\u0259nc olmas\u0131na baxmayaraq, s&uuml;r\u0259tl\u0259 inki\u015faf etdiyini diqq\u0259t\u0259 &ccedil;atd\u0131ran Prezident \u0130lham \u018fliyev d&ouml;vl\u0259t siyas\u0259tinin d&uuml;nya &ouml;lk\u0259l\u0259ri il\u0259 \u0259m\u0259kda\u015fl\u0131\u011f\u0131n v\u0259 t\u0259r\u0259fda\u015fl\u0131\u011f\u0131n geni\u015fl\u0259ndirilm\u0259sin\u0259 y&ouml;n\u0259ldiyini vur\u011fulay\u0131b.\/report<\/p>\n","protected":false},"excerpt":{"rendered":"<p>Prezident&nbsp;\u0130lham \u018fliyev&nbsp;V D&uuml;nya M\u0259d\u0259niyy\u0259tl\u0259raras\u0131 Dialoq Forumunun a&ccedil;\u0131l\u0131\u015f m\u0259rasimind\u0259ki &ccedil;\u0131x\u0131\u015f\u0131nda&nbsp;bu m&ouml;t\u0259b\u0259r t\u0259dbir\u0259&nbsp;d&uuml;nyan\u0131n 100-d\u0259n &ccedil;ox &ouml;lk\u0259sind\u0259n 500-d\u0259n &ccedil;ox n&uuml;may\u0259nd\u0259nin qat\u0131ld\u0131\u011f\u0131n\u0131 bildirib. D&ouml;vl\u0259t ba\u015f&ccedil;\u0131s\u0131 Az\u0259rbaycanda \u0259srl\u0259r boyunca m&uuml;xt\u0259lif dinl\u0259rin, etnik qruplar\u0131n birg\u0259 ya\u015fad\u0131\u011f\u0131n\u0131,&hellip;<\/p>\n","protected":false},"author":1,"featured_media":251278,"comment_status":"open","ping_status":"open","sticky":false,"template":"","format":"standard","meta":{"_lmt_disableupdate":"","_lmt_disable":"","footnotes":""},"categories":[],"tags":[],"class_list":["post-79182","post","type-post","status-publish","format-standard","has-post-thumbnail","hentry"],"_links":{"self":[{"href":"https:\/\/ucnoqta.az\/index.php?rest_route=\/wp\/v2\/posts\/79182","targetHints":{"allow":["GET"]}}],"collection":[{"href":"https:\/\/ucnoqta.az\/index.php?rest_route=\/wp\/v2\/posts"}],"about":[{"href":"https:\/\/ucnoqta.az\/index.php?rest_route=\/wp\/v2\/types\/post"}],"author":[{"embeddable":true,"href":"https:\/\/ucnoqta.az\/index.php?rest_route=\/wp\/v2\/users\/1"}],"replies":[{"embeddable":true,"href":"https:\/\/ucnoqta.az\/index.php?rest_route=%2Fwp%2Fv2%2Fcomments&post=79182"}],"version-history":[{"count":0,"href":"https:\/\/ucnoqta.az\/index.php?rest_route=\/wp\/v2\/posts\/79182\/revisions"}],"wp:featuredmedia":[{"embeddable":true,"href":"https:\/\/ucnoqta.az\/index.php?rest_route=\/wp\/v2\/media\/251278"}],"wp:attachment":[{"href":"https:\/\/ucnoqta.az\/index.php?rest_route=%2Fwp%2Fv2%2Fmedia&parent=79182"}],"wp:term":[{"taxonomy":"category","embeddable":true,"href":"https:\/\/ucnoqta.az\/index.php?rest_route=%2Fwp%2Fv2%2Fcategories&post=79182"},{"taxonomy":"post_tag","embeddable":true,"href":"https:\/\/ucnoqta.az\/index.php?rest_route=%2Fwp%2Fv2%2Ftags&post=79182"}],"curies":[{"name":"wp","href":"https:\/\/api.w.org\/{rel}","templated":true}]}}