{"id":78483,"date":"2019-04-21T12:23:47","date_gmt":"2019-04-21T08:23:47","guid":{"rendered":""},"modified":"-0001-11-30T00:00:00","modified_gmt":"-0001-11-29T20:00:00","slug":"","status":"publish","type":"post","link":"https:\/\/ucnoqta.az\/?p=78483","title":{"rendered":"K\u00fcrd\u0259mird\u0259 yan\u011f\u0131n olub: bir ail\u0259nin 5 \u00fczv\u00fc x\u0259sar\u0259t al\u0131b"},"content":{"rendered":"<p><strong>K&uuml;rd\u0259mir rayonunun C\u0259nub M\u0259h\u0259ll\u0259sind\u0259 yerl\u0259\u015f\u0259n f\u0259rdi ya\u015fay\u0131\u015f evl\u0259rind\u0259n birind\u0259 yan\u011f\u0131n hadis\u0259si ba\u015f verib.<\/strong><\/p>\n<p>Ucnoqta.az &quot;Report&quot;a istinad\u0259n x\u0259b\u0259r verir ki, yerli sakin Eminov Elman S\u0259fa o\u011fluna m\u0259xsus evin yanmas\u0131 n\u0259tic\u0259sind\u0259 3-&uuml; azya\u015fl\u0131 olmaqla, bir ail\u0259nin 5 &uuml;zv&uuml; &#8211; \u0130mi\u015fli rayon sakinl\u0259ri &#8211; 1988-ci il t\u0259v\u0259ll&uuml;dl&uuml; \u018fs\u0259dov Anar Biny\u0259t o\u011flu, 1985-ci il t\u0259v\u0259ll&uuml;dl&uuml; H&uuml;seynova Q\u0259ndab Ad\u0131\u015firin q\u0131z\u0131, 2011-ci il t\u0259v\u0259ll&uuml;dl&uuml; \u018fs\u0259dova \u0130lah\u0259 Anar q\u0131z\u0131, 2015-ci il t\u0259v\u0259ll&uuml;dl&uuml; \u018fs\u0259dova G&uuml;nay Anar q\u0131z\u0131, 2017-ci il t\u0259v\u0259ll&uuml;dl&uuml; \u018fs\u0259dov Biny\u0259t Anar o\u011flu m&uuml;xt\u0259lif d\u0259r\u0259c\u0259li yan\u0131q x\u0259sar\u0259tl\u0259ri al\u0131blar.<\/p>\n<p>Yaral\u0131lar K&uuml;rd\u0259mir Rayon M\u0259rk\u0259zi X\u0259st\u0259xanas\u0131na yerl\u0259\u015fdirilibl\u0259r. Onlar\u0131n v\u0259ziyy\u0259tl\u0259ri a\u011f\u0131r oldu\u011fundan Bak\u0131dak\u0131 x\u0259st\u0259xanalardan birin\u0259 g&ouml;nd\u0259rilibl\u0259r. Hadis\u0259y\u0259 ilkin s\u0259b\u0259b kimi televizorun partlamas\u0131 bildirilir.<\/p>\n<p>Faktla ba\u011fl\u0131 ara\u015fd\u0131rma apar\u0131l\u0131r.<\/p>\n","protected":false},"excerpt":{"rendered":"<p>K&uuml;rd\u0259mir rayonunun C\u0259nub M\u0259h\u0259ll\u0259sind\u0259 yerl\u0259\u015f\u0259n f\u0259rdi ya\u015fay\u0131\u015f evl\u0259rind\u0259n birind\u0259 yan\u011f\u0131n hadis\u0259si ba\u015f verib. Ucnoqta.az &quot;Report&quot;a istinad\u0259n x\u0259b\u0259r verir ki, yerli sakin Eminov Elman S\u0259fa o\u011fluna m\u0259xsus evin yanmas\u0131 n\u0259tic\u0259sind\u0259 3-&uuml;&hellip;<\/p>\n","protected":false},"author":1,"featured_media":251278,"comment_status":"open","ping_status":"open","sticky":false,"template":"","format":"standard","meta":{"_lmt_disableupdate":"","_lmt_disable":"","footnotes":""},"categories":[],"tags":[],"class_list":["post-78483","post","type-post","status-publish","format-standard","has-post-thumbnail","hentry"],"_links":{"self":[{"href":"https:\/\/ucnoqta.az\/index.php?rest_route=\/wp\/v2\/posts\/78483","targetHints":{"allow":["GET"]}}],"collection":[{"href":"https:\/\/ucnoqta.az\/index.php?rest_route=\/wp\/v2\/posts"}],"about":[{"href":"https:\/\/ucnoqta.az\/index.php?rest_route=\/wp\/v2\/types\/post"}],"author":[{"embeddable":true,"href":"https:\/\/ucnoqta.az\/index.php?rest_route=\/wp\/v2\/users\/1"}],"replies":[{"embeddable":true,"href":"https:\/\/ucnoqta.az\/index.php?rest_route=%2Fwp%2Fv2%2Fcomments&post=78483"}],"version-history":[{"count":0,"href":"https:\/\/ucnoqta.az\/index.php?rest_route=\/wp\/v2\/posts\/78483\/revisions"}],"wp:featuredmedia":[{"embeddable":true,"href":"https:\/\/ucnoqta.az\/index.php?rest_route=\/wp\/v2\/media\/251278"}],"wp:attachment":[{"href":"https:\/\/ucnoqta.az\/index.php?rest_route=%2Fwp%2Fv2%2Fmedia&parent=78483"}],"wp:term":[{"taxonomy":"category","embeddable":true,"href":"https:\/\/ucnoqta.az\/index.php?rest_route=%2Fwp%2Fv2%2Fcategories&post=78483"},{"taxonomy":"post_tag","embeddable":true,"href":"https:\/\/ucnoqta.az\/index.php?rest_route=%2Fwp%2Fv2%2Ftags&post=78483"}],"curies":[{"name":"wp","href":"https:\/\/api.w.org\/{rel}","templated":true}]}}