{"id":78474,"date":"2019-04-21T10:24:28","date_gmt":"2019-04-21T06:24:28","guid":{"rendered":""},"modified":"-0001-11-30T00:00:00","modified_gmt":"-0001-11-29T20:00:00","slug":"","status":"publish","type":"post","link":"https:\/\/ucnoqta.az\/?p=78474","title":{"rendered":"<b>Polisl\u0259ri da\u015f\u0131yan ma\u015f\u0131n q\u0259zaya u\u011frad\u0131:<font color=red> 6 yaral\u0131<\/font><\/b>"},"content":{"rendered":"<p>T&uuml;rkiy\u0259d\u0259 polisl\u0259ri da\u015f\u0131yan zirehli ma\u015f\u0131n q\u0259zaya u\u011fray\u0131b. Ucnoqta.az DHA-ya istinad\u0259n x\u0259b\u0259r verir ki, hadis\u0259 aprelin 20-si ax\u015fam saatlar\u0131nda Giresun vilay\u0259ti, \u015eebinkarahisar rayonunun &Ccedil;a\u011flayan k\u0259ndi istiqam\u0259tind\u0259n ke&ccedil;\u0259n hiss\u0259sind\u0259 qeyd\u0259 al\u0131n\u0131b.<\/p>\n<p>Giresundan v\u0259zif\u0259l\u0259rini yerin\u0259 yetirm\u0259k &uuml;&ccedil;&uuml;n yola &ccedil;\u0131xan &ouml;z\u0259l h\u0259r\u0259kat polisl\u0259rin\u0259 aid zirehli ma\u015f\u0131n, iddiaya g&ouml;r\u0259 s&uuml;r&uuml;c&uuml;s&uuml;n&uuml;n s&uuml;kan idar\u0259etm\u0259sind\u0259n &ccedil;\u0131xaraq yol k\u0259nar\u0131na a\u015f\u0131b v\u0259 sonra da 35 metrlik h&uuml;nd&uuml;rl&uuml;kd\u0259n &Ccedil;a\u011flayan d\u0259r\u0259sin\u0259 yuvarlan\u0131b.<\/p>\n<p>Q\u0259za n\u0259tic\u0259sind\u0259 6 polis x\u0259sar\u0259t al\u0131b.<\/p>\n<p>Ma\u015f\u0131nda olan polisl\u0259rin x\u0259b\u0259r verm\u0259si il\u0259 hadis\u0259 yerin\u0259 s\u0259hiyy\u0259 v\u0259 xilasetm\u0259 briqadalar\u0131 g\u0259lib.<\/p>\n<p>Yaral\u0131 polisl\u0259r t\u0259cili tibbi yad\u0131m ma\u015f\u0131nlar\u0131 il\u0259 rayon x\u0259st\u0259xanas\u0131na yerl\u0259dirilibl\u0259r.<\/p>\n<p>Onlar\u0131n v\u0259zliyy\u0259tl\u0259rinin normal oldu\u011fu bildirilb.<\/p>\n<p>&nbsp;<\/p>\n<p><strong>Namiq<\/strong><\/p>\n","protected":false},"excerpt":{"rendered":"<p>T&uuml;rkiy\u0259d\u0259 polisl\u0259ri da\u015f\u0131yan zirehli ma\u015f\u0131n q\u0259zaya u\u011fray\u0131b. Ucnoqta.az DHA-ya istinad\u0259n x\u0259b\u0259r verir ki, hadis\u0259 aprelin 20-si ax\u015fam saatlar\u0131nda Giresun vilay\u0259ti, \u015eebinkarahisar rayonunun &Ccedil;a\u011flayan k\u0259ndi istiqam\u0259tind\u0259n ke&ccedil;\u0259n hiss\u0259sind\u0259 qeyd\u0259 al\u0131n\u0131b. Giresundan&hellip;<\/p>\n","protected":false},"author":1,"featured_media":251278,"comment_status":"open","ping_status":"open","sticky":false,"template":"","format":"standard","meta":{"_lmt_disableupdate":"","_lmt_disable":"","footnotes":""},"categories":[],"tags":[],"class_list":["post-78474","post","type-post","status-publish","format-standard","has-post-thumbnail","hentry"],"_links":{"self":[{"href":"https:\/\/ucnoqta.az\/index.php?rest_route=\/wp\/v2\/posts\/78474","targetHints":{"allow":["GET"]}}],"collection":[{"href":"https:\/\/ucnoqta.az\/index.php?rest_route=\/wp\/v2\/posts"}],"about":[{"href":"https:\/\/ucnoqta.az\/index.php?rest_route=\/wp\/v2\/types\/post"}],"author":[{"embeddable":true,"href":"https:\/\/ucnoqta.az\/index.php?rest_route=\/wp\/v2\/users\/1"}],"replies":[{"embeddable":true,"href":"https:\/\/ucnoqta.az\/index.php?rest_route=%2Fwp%2Fv2%2Fcomments&post=78474"}],"version-history":[{"count":0,"href":"https:\/\/ucnoqta.az\/index.php?rest_route=\/wp\/v2\/posts\/78474\/revisions"}],"wp:featuredmedia":[{"embeddable":true,"href":"https:\/\/ucnoqta.az\/index.php?rest_route=\/wp\/v2\/media\/251278"}],"wp:attachment":[{"href":"https:\/\/ucnoqta.az\/index.php?rest_route=%2Fwp%2Fv2%2Fmedia&parent=78474"}],"wp:term":[{"taxonomy":"category","embeddable":true,"href":"https:\/\/ucnoqta.az\/index.php?rest_route=%2Fwp%2Fv2%2Fcategories&post=78474"},{"taxonomy":"post_tag","embeddable":true,"href":"https:\/\/ucnoqta.az\/index.php?rest_route=%2Fwp%2Fv2%2Ftags&post=78474"}],"curies":[{"name":"wp","href":"https:\/\/api.w.org\/{rel}","templated":true}]}}