{"id":78472,"date":"2019-04-21T09:45:20","date_gmt":"2019-04-21T05:45:20","guid":{"rendered":""},"modified":"-0001-11-30T00:00:00","modified_gmt":"-0001-11-29T20:00:00","slug":"","status":"publish","type":"post","link":"https:\/\/ucnoqta.az\/?p=78472","title":{"rendered":"<font color=red><b>Diqq\u0259t<\/b><\/font>: Sabahdan bu yollar ba\u011flan\u0131r"},"content":{"rendered":"<p><strong>Bak\u0131da n&ouml;vb\u0259ti Formula 1 Az\u0259rbaycan Qran Prisinin ke&ccedil;irilm\u0259si il\u0259 \u0259laq\u0259dar g&ouml;r&uuml;l\u0259n t\u0259dbirl\u0259rl\u0259 ba\u011fl\u0131 aprelin 22-d\u0259n paytaxtda Bak\u0131 \u015e\u0259h\u0259r Halqas\u0131 &uuml;zr\u0259 avtomobil yollar\u0131nda h\u0259r\u0259k\u0259t m\u0259hdudla\u015fd\u0131r\u0131lacaq. <\/strong><\/p>\n<p>Bu bar\u0259d\u0259&nbsp; Bak\u0131 \u015e\u0259h\u0259r Ba\u015f Polis \u0130dar\u0259sinin D&ouml;vl\u0259t Yol Polisi \u0130dar\u0259sinin b&ouml;lm\u0259 r\u0259isi, polis polkovniki Vaqif \u018fs\u0259dov m\u0259lumat verib.<\/p>\n<p>B&ouml;lm\u0259 r\u0259isi bildirib ki, h\u0259min g&uuml;nd\u0259n etibar\u0259n Bak\u0131 \u015e\u0259h\u0259r Halqas\u0131 kimi tan\u0131nan \u0259razi &uuml;zr\u0259 &#8211; &quot;Azneft&quot; meydan\u0131 istiqam\u0259tind\u0259 &#8211; Bay\u0131ldan 20-ci sah\u0259 istiqam\u0259tind\u0259 v\u0259 c\u0259nub t\u0259r\u0259fd\u0259n, eyni zamanda H&ouml;kum\u0259t Evi istiqam\u0259tind\u0259 &#8211; &Uuml;zeyir Hac\u0131b\u0259yov k&uuml;&ccedil;\u0259si il\u0259 Afiyy\u0259ddin C\u0259lilov k&uuml;&ccedil;\u0259si, Yusif S\u0259f\u0259rov k&uuml;&ccedil;\u0259sinin k\u0259si\u015fm\u0259sind\u0259n, h\u0259m&ccedil;inin Lermontov k&uuml;&ccedil;\u0259si il\u0259 Axundov ad\u0131na park v\u0259 onun \u0259traf\u0131, x&uuml;susil\u0259 d\u0259 \u018fhm\u0259d Cavad k&uuml;&ccedil;\u0259si il\u0259 \u0130stiqlaliyy\u0259t v\u0259 B&uuml;nyat S\u0259f\u0259rov k&uuml;&ccedil;\u0259l\u0259ri istiqam\u0259tind\u0259, \u015eeyx \u015eamil k&uuml;&ccedil;\u0259si istiqam\u0259tind\u0259, D\u0259nizk\u0259nar\u0131 Milli Park boyunca, Neft&ccedil;il\u0259r, B&uuml;lb&uuml;l prospektl\u0259ri, Azadl\u0131q meydan\u0131, Pu\u015fkin, Xaqani, Z\u0259rif\u0259 \u018fliyeva, R\u0259sul Rza, \u018fziz \u018fliyev k&uuml;&ccedil;\u0259l\u0259ri, Qo\u015fa Qala qap\u0131s\u0131, G\u0259ncl\u0259r meydan\u0131, \u0130stiqlaliyy\u0259t, Niyazi k&uuml;&ccedil;\u0259l\u0259ri, el\u0259c\u0259 d\u0259 h\u0259min k&uuml;&ccedil;\u0259 v\u0259 prospektl\u0259rl\u0259 k\u0259si\u015f\u0259n dig\u0259r yollarda avtomobill\u0259rin h\u0259r\u0259k\u0259tin\u0259 m\u0259hdudiyy\u0259t qoyulmaqla, istiqam\u0259t d\u0259yi\u015fdiril\u0259c\u0259k.<\/p>\n<p>Qeyd edil\u0259n istiqam\u0259tl\u0259r &uuml;zr\u0259 avtomobill\u0259rin h\u0259r\u0259k\u0259ti \u0259sas\u0259n Bak\u0131-Salyan yolunun 14-c&uuml; kilometrliyind\u0259n 3-c&uuml; k\u0259nar dair\u0259vi yolla Yasamal rayon \u0259razisind\u0259n ke&ccedil;\u0259r\u0259k m&uuml;vafiq istiqam\u0259t &uuml;zr\u0259, 20-ci sah\u0259 v\u0259 ona yax\u0131n \u0259razil\u0259rd\u0259n is\u0259 Badamdar \u015fosesi vasit\u0259sil\u0259 t\u0259nziml\u0259nir. &nbsp;<\/p>\n<p>N\u0259qliyyat s\u0131xl\u0131\u011f\u0131n\u0131n, t\u0131xaclar\u0131n yaranmamas\u0131 &uuml;&ccedil;&uuml;n s&uuml;r&uuml;c&uuml;l\u0259rd\u0259n xahi\u015f olunur ki, alternativ variant olaraq Afiyy\u0259din C\u0259lilov &#8211; Yusif S\u0259f\u0259rov, Yusif S\u0259f\u0259rov &#8211; 28 May k&uuml;&ccedil;\u0259l\u0259ri k\u0259si\u015fm\u0259sind\u0259n Bak\u0131xanov, N\u0259riman N\u0259rimanov, \u0130n\u015faat&ccedil;\u0131lar, H&uuml;seyn Cavid, Parlament, M\u0259tbuat, Ziya B&uuml;nyadov, Mikay\u0131l M&uuml;\u015ffiq k&uuml;&ccedil;\u0259 v\u0259 prospektl\u0259ri vasit\u0259sil\u0259 h\u0259r\u0259k\u0259t\u0259 &uuml;st&uuml;nl&uuml;k versinl\u0259r.<\/p>\n<p>Eyni zamanda, Bak\u0131 \u015f\u0259h\u0259rind\u0259 n\u0259qliyyat s\u0131xl\u0131\u011f\u0131n\u0131n azald\u0131lmas\u0131, habel\u0259 n\u0259qliyyat vasit\u0259l\u0259rinin v\u0259 piyadalar\u0131n \u015f\u0259h\u0259r daxilind\u0259 rahat, fasil\u0259siz h\u0259r\u0259k\u0259tinin t\u0259\u015fkili m\u0259qs\u0259dil\u0259 respublikan\u0131n dig\u0259r \u015f\u0259h\u0259r v\u0259 rayonlar\u0131ndan paytaxta g\u0259lm\u0259k ist\u0259y\u0259n v\u0259t\u0259nda\u015flara aprelin 18-d\u0259n 30-d\u0259k olan m&uuml;dd\u0259td\u0259, ictimai n\u0259qliyyat vasit\u0259l\u0259rind\u0259n, mar\u015frut avtobuslar\u0131ndan istifad\u0259 etm\u0259k t&ouml;vsiy\u0259 olunur. V.\u018fs\u0259dov bildirib ki, yar\u0131\u015f\u0131n ke&ccedil;irilm\u0259si il\u0259 ba\u011fl\u0131 Bak\u0131 \u015e\u0259h\u0259r Halqas\u0131 kimi tan\u0131nan \u0259razid\u0259 yol ni\u015fanlar\u0131 qoyulub.<\/p>\n<p>S&uuml;r&uuml;c&uuml;l\u0259r bu ni\u015fanlar\u0131n t\u0259l\u0259bl\u0259rin\u0259 uy\u011fun h\u0259r\u0259k\u0259t etm\u0259lidirl\u0259r. Xat\u0131rladaq ki, Bak\u0131da ke&ccedil;iril\u0259c\u0259k Formula 1 Az\u0259rbaycan Qran Pri yar\u0131\u015flar\u0131 il\u0259 \u0259laq\u0259dar aprelin 22-d\u0259n etibar\u0259n Bak\u0131 \u015e\u0259h\u0259r Halqas\u0131 v\u0259 ona yax\u0131n k&uuml;&ccedil;\u0259l\u0259rd\u0259n ke&ccedil;\u0259n 17 mar\u015frut x\u0259tti &uuml;zr\u0259 (1, 2, 4, 5, 6, 18, 31, 37, 46, 53, 61, 65, 77, 88, 125, 205, H1) avtobuslar\u0131n h\u0259r\u0259k\u0259t sxemind\u0259 d\u0259yi\u015fiklik edil\u0259c\u0259k.<\/p>\n<p>Qeyd edil\u0259n mar\u015frut x\u0259tl\u0259ri &uuml;zr\u0259 avtobuslar alternativ k&uuml;&ccedil;\u0259l\u0259rd\u0259n ke&ccedil;m\u0259kl\u0259 h\u0259r\u0259k\u0259t ed\u0259c\u0259k.<\/p>\n","protected":false},"excerpt":{"rendered":"<p>Bak\u0131da n&ouml;vb\u0259ti Formula 1 Az\u0259rbaycan Qran Prisinin ke&ccedil;irilm\u0259si il\u0259 \u0259laq\u0259dar g&ouml;r&uuml;l\u0259n t\u0259dbirl\u0259rl\u0259 ba\u011fl\u0131 aprelin 22-d\u0259n paytaxtda Bak\u0131 \u015e\u0259h\u0259r Halqas\u0131 &uuml;zr\u0259 avtomobil yollar\u0131nda h\u0259r\u0259k\u0259t m\u0259hdudla\u015fd\u0131r\u0131lacaq. Bu bar\u0259d\u0259&nbsp; Bak\u0131 \u015e\u0259h\u0259r Ba\u015f Polis&hellip;<\/p>\n","protected":false},"author":1,"featured_media":251278,"comment_status":"open","ping_status":"open","sticky":false,"template":"","format":"standard","meta":{"_lmt_disableupdate":"","_lmt_disable":"","footnotes":""},"categories":[],"tags":[],"class_list":["post-78472","post","type-post","status-publish","format-standard","has-post-thumbnail","hentry"],"_links":{"self":[{"href":"https:\/\/ucnoqta.az\/index.php?rest_route=\/wp\/v2\/posts\/78472","targetHints":{"allow":["GET"]}}],"collection":[{"href":"https:\/\/ucnoqta.az\/index.php?rest_route=\/wp\/v2\/posts"}],"about":[{"href":"https:\/\/ucnoqta.az\/index.php?rest_route=\/wp\/v2\/types\/post"}],"author":[{"embeddable":true,"href":"https:\/\/ucnoqta.az\/index.php?rest_route=\/wp\/v2\/users\/1"}],"replies":[{"embeddable":true,"href":"https:\/\/ucnoqta.az\/index.php?rest_route=%2Fwp%2Fv2%2Fcomments&post=78472"}],"version-history":[{"count":0,"href":"https:\/\/ucnoqta.az\/index.php?rest_route=\/wp\/v2\/posts\/78472\/revisions"}],"wp:featuredmedia":[{"embeddable":true,"href":"https:\/\/ucnoqta.az\/index.php?rest_route=\/wp\/v2\/media\/251278"}],"wp:attachment":[{"href":"https:\/\/ucnoqta.az\/index.php?rest_route=%2Fwp%2Fv2%2Fmedia&parent=78472"}],"wp:term":[{"taxonomy":"category","embeddable":true,"href":"https:\/\/ucnoqta.az\/index.php?rest_route=%2Fwp%2Fv2%2Fcategories&post=78472"},{"taxonomy":"post_tag","embeddable":true,"href":"https:\/\/ucnoqta.az\/index.php?rest_route=%2Fwp%2Fv2%2Ftags&post=78472"}],"curies":[{"name":"wp","href":"https:\/\/api.w.org\/{rel}","templated":true}]}}