{"id":78470,"date":"2019-04-21T09:16:54","date_gmt":"2019-04-21T05:16:54","guid":{"rendered":""},"modified":"-0001-11-30T00:00:00","modified_gmt":"-0001-11-29T20:00:00","slug":"","status":"publish","type":"post","link":"https:\/\/ucnoqta.az\/?p=78470","title":{"rendered":"Ronaldu &#8220;Yuventus&#8221;da qalaca\u011f\u0131n\u0131 bildirib"},"content":{"rendered":"<p><strong>Portuqaliyal\u0131 futbol&ccedil;u&nbsp;Kri\u015ftianu Ronaldu&nbsp;g\u0259l\u0259n m&ouml;vs&uuml;m &quot;Yuventus&quot;da qalaca\u011f\u0131n\u0131 bildirib. <\/strong><\/p>\n<p>&quot;Report&quot; x\u0259b\u0259r verir ki, o, Turin klubu il\u0259 &quot;Scudetto&quot; v\u0259 Super Kuboku&nbsp;qazanmaqdan&nbsp;\u015fad oldu\u011funu deyib.<\/p>\n<p>&quot;M\u0259nim g\u0259l\u0259c\u0259k aqib\u0259tim? G\u0259l\u0259n il 1000% &quot;Yuventus&quot;da qalaca\u011fam, m\u0259n &quot;Scudetto&quot; v\u0259 Super Kuboka g&ouml;r\u0259 &ccedil;ox \u015fadam. &Ccedil;empionlar Liqas\u0131n\u0131 da yax\u015f\u0131 ke&ccedil;irdik, g\u0259l\u0259n il daha yax\u015f\u0131 olacaq&quot;, &#8211; dey\u0259 o, jurnalistl\u0259r\u0259 a&ccedil;\u0131qlamas\u0131nda bildirib.<\/p>\n","protected":false},"excerpt":{"rendered":"<p>Portuqaliyal\u0131 futbol&ccedil;u&nbsp;Kri\u015ftianu Ronaldu&nbsp;g\u0259l\u0259n m&ouml;vs&uuml;m &quot;Yuventus&quot;da qalaca\u011f\u0131n\u0131 bildirib. &quot;Report&quot; x\u0259b\u0259r verir ki, o, Turin klubu il\u0259 &quot;Scudetto&quot; v\u0259 Super Kuboku&nbsp;qazanmaqdan&nbsp;\u015fad oldu\u011funu deyib. &quot;M\u0259nim g\u0259l\u0259c\u0259k aqib\u0259tim? G\u0259l\u0259n il 1000% &quot;Yuventus&quot;da qalaca\u011fam, m\u0259n&hellip;<\/p>\n","protected":false},"author":1,"featured_media":251278,"comment_status":"open","ping_status":"open","sticky":false,"template":"","format":"standard","meta":{"_lmt_disableupdate":"","_lmt_disable":"","footnotes":""},"categories":[90],"tags":[],"class_list":["post-78470","post","type-post","status-publish","format-standard","has-post-thumbnail","hentry","category-idman-butun-xeberler"],"_links":{"self":[{"href":"https:\/\/ucnoqta.az\/index.php?rest_route=\/wp\/v2\/posts\/78470","targetHints":{"allow":["GET"]}}],"collection":[{"href":"https:\/\/ucnoqta.az\/index.php?rest_route=\/wp\/v2\/posts"}],"about":[{"href":"https:\/\/ucnoqta.az\/index.php?rest_route=\/wp\/v2\/types\/post"}],"author":[{"embeddable":true,"href":"https:\/\/ucnoqta.az\/index.php?rest_route=\/wp\/v2\/users\/1"}],"replies":[{"embeddable":true,"href":"https:\/\/ucnoqta.az\/index.php?rest_route=%2Fwp%2Fv2%2Fcomments&post=78470"}],"version-history":[{"count":0,"href":"https:\/\/ucnoqta.az\/index.php?rest_route=\/wp\/v2\/posts\/78470\/revisions"}],"wp:featuredmedia":[{"embeddable":true,"href":"https:\/\/ucnoqta.az\/index.php?rest_route=\/wp\/v2\/media\/251278"}],"wp:attachment":[{"href":"https:\/\/ucnoqta.az\/index.php?rest_route=%2Fwp%2Fv2%2Fmedia&parent=78470"}],"wp:term":[{"taxonomy":"category","embeddable":true,"href":"https:\/\/ucnoqta.az\/index.php?rest_route=%2Fwp%2Fv2%2Fcategories&post=78470"},{"taxonomy":"post_tag","embeddable":true,"href":"https:\/\/ucnoqta.az\/index.php?rest_route=%2Fwp%2Fv2%2Ftags&post=78470"}],"curies":[{"name":"wp","href":"https:\/\/api.w.org\/{rel}","templated":true}]}}