{"id":78463,"date":"2019-04-20T20:54:16","date_gmt":"2019-04-20T16:54:16","guid":{"rendered":""},"modified":"-0001-11-30T00:00:00","modified_gmt":"-0001-11-29T20:00:00","slug":"","status":"publish","type":"post","link":"https:\/\/ucnoqta.az\/?p=78463","title":{"rendered":"Sumqay\u0131tda do\u011fu\u015f zaman\u0131 k\u00f6rp\u0259 \u00f6l\u00fcb"},"content":{"rendered":"<p><strong>Sumqay\u0131tda k&ouml;rp\u0259 &ouml;l&uuml;m&uuml; ba\u015f verib.&nbsp;<\/strong><\/p>\n<p>UCnoqta.az Oxu.Az-a istinad\u0259n x\u0259b\u0259r verir ki, hadis\u0259 d&uuml;n\u0259n ax\u015fam saatlar\u0131nda \u015f\u0259h\u0259rin 2 n&ouml;mr\u0259li Do\u011fum Evind\u0259 ba\u015f verib. Bel\u0259 ki, 1998-cil il t\u0259v\u0259ll&uuml;dl&uuml; R\u0259fizad\u0259 \u0130rad\u0259 Samir q\u0131z\u0131n\u0131n d&uuml;nyaya g\u0259tirdiyi u\u015faq&nbsp;do\u011fu\u015f zaman\u0131 &ouml;l&uuml;b. K&ouml;p\u0259nin hans\u0131 s\u0259b\u0259bd\u0259n &ouml;ld&uuml;y&uuml; m\u0259lum deyil.<\/p>\n<p>Sumqay\u0131t \u015f\u0259h\u0259r S\u0259hiyy\u0259 \u015e&ouml;b\u0259sinin m&uuml;dir \u0259v\u0259zi S\u0259kin\u0259 Sad\u0131xova Oxu.Az-a a&ccedil;\u0131qlamas\u0131nda faktla ba\u011fl\u0131 ara\u015fd\u0131rma apar\u0131ld\u0131\u011f\u0131n\u0131 deyib:<br \/>\n&ldquo;Hadis\u0259 d&uuml;n\u0259n ax\u015fam saatlar\u0131nda ba\u015f verib. V\u0259ziyy\u0259tl\u0259 ba\u011fl\u0131 qad\u0131n\u0131n yax\u0131nlar\u0131 h\u0259kiml\u0259rl\u0259 m&uuml;bahis\u0259 etdiyi &uuml;&ccedil;&uuml;n h&uuml;quq-m&uuml;hafiz\u0259 orqanlar\u0131na m\u0259lumat verilib. Onlar k&ouml;rp\u0259nin &ouml;l&uuml;m s\u0259b\u0259bini d\u0259qiql\u0259\u015fdirm\u0259k m\u0259qs\u0259dil\u0259 meyiti tibbi ekspertizaya g&ouml;nd\u0259ribl\u0259r.<\/p>\n<p>Yekun n\u0259tic\u0259 s&ouml;yl\u0259m\u0259k &uuml;&ccedil;&uuml;n ekspertizan\u0131n cavab\u0131n\u0131 g&ouml;zl\u0259m\u0259k laz\u0131md\u0131r. Yaln\u0131z o zaman k&ouml;rp\u0259nin &ouml;l&uuml;m s\u0259b\u0259bi haqq\u0131nda m\u0259lumat verm\u0259k m&uuml;mk&uuml;nd&uuml;r&rdquo;.<\/p>\n","protected":false},"excerpt":{"rendered":"<p>Sumqay\u0131tda k&ouml;rp\u0259 &ouml;l&uuml;m&uuml; ba\u015f verib.&nbsp; UCnoqta.az Oxu.Az-a istinad\u0259n x\u0259b\u0259r verir ki, hadis\u0259 d&uuml;n\u0259n ax\u015fam saatlar\u0131nda \u015f\u0259h\u0259rin 2 n&ouml;mr\u0259li Do\u011fum Evind\u0259 ba\u015f verib. Bel\u0259 ki, 1998-cil il t\u0259v\u0259ll&uuml;dl&uuml; R\u0259fizad\u0259 \u0130rad\u0259 Samir&hellip;<\/p>\n","protected":false},"author":1,"featured_media":251278,"comment_status":"open","ping_status":"open","sticky":false,"template":"","format":"standard","meta":{"_lmt_disableupdate":"","_lmt_disable":"","footnotes":""},"categories":[],"tags":[],"class_list":["post-78463","post","type-post","status-publish","format-standard","has-post-thumbnail","hentry"],"_links":{"self":[{"href":"https:\/\/ucnoqta.az\/index.php?rest_route=\/wp\/v2\/posts\/78463","targetHints":{"allow":["GET"]}}],"collection":[{"href":"https:\/\/ucnoqta.az\/index.php?rest_route=\/wp\/v2\/posts"}],"about":[{"href":"https:\/\/ucnoqta.az\/index.php?rest_route=\/wp\/v2\/types\/post"}],"author":[{"embeddable":true,"href":"https:\/\/ucnoqta.az\/index.php?rest_route=\/wp\/v2\/users\/1"}],"replies":[{"embeddable":true,"href":"https:\/\/ucnoqta.az\/index.php?rest_route=%2Fwp%2Fv2%2Fcomments&post=78463"}],"version-history":[{"count":0,"href":"https:\/\/ucnoqta.az\/index.php?rest_route=\/wp\/v2\/posts\/78463\/revisions"}],"wp:featuredmedia":[{"embeddable":true,"href":"https:\/\/ucnoqta.az\/index.php?rest_route=\/wp\/v2\/media\/251278"}],"wp:attachment":[{"href":"https:\/\/ucnoqta.az\/index.php?rest_route=%2Fwp%2Fv2%2Fmedia&parent=78463"}],"wp:term":[{"taxonomy":"category","embeddable":true,"href":"https:\/\/ucnoqta.az\/index.php?rest_route=%2Fwp%2Fv2%2Fcategories&post=78463"},{"taxonomy":"post_tag","embeddable":true,"href":"https:\/\/ucnoqta.az\/index.php?rest_route=%2Fwp%2Fv2%2Ftags&post=78463"}],"curies":[{"name":"wp","href":"https:\/\/api.w.org\/{rel}","templated":true}]}}