{"id":78461,"date":"2019-04-20T19:43:33","date_gmt":"2019-04-20T15:43:33","guid":{"rendered":""},"modified":"-0001-11-30T00:00:00","modified_gmt":"-0001-11-29T20:00:00","slug":"","status":"publish","type":"post","link":"https:\/\/ucnoqta.az\/?p=78461","title":{"rendered":"Ta\u011f\u0131 \u018fhm\u0259dov: <font color=red><b>&#8220;M\u0259nd\u0259n 3 milyon ist\u0259dil\u0259r, &#8230;&#8221;<\/b><\/font>"},"content":{"rendered":"<p><strong>&quot;Eldar Mahmudova z\u0259ng el\u0259dim&#8230;&quot;<\/strong><\/p>\n<p>Bak\u0131 metropolitenini sabiq r\u0259isi Ta\u011f\u0131 \u018fhm\u0259dovun 3 milyon manat\u0131n\u0131 \u0259l\u0259 ke&ccedil;ir\u0259n sabiq milli t\u0259hl&uuml;k\u0259sizlik naziri Eldar Mahmudovun \u0259misi o\u011flu V&uuml;qar Mahmudovun cinay\u0259t i\u015fi &uuml;zr\u0259 verdiyi ifad\u0259si m\u0259lum olub.<\/p>\n<p>UCnoqta.az Teleqraf.com-a istinad\u0259n x\u0259b\u0259r verir ki, Ta\u011f\u0131 \u018fhm\u0259dov bildirib ki, Bak\u0131 Metropolitenini r\u0259isi v\u0259zif\u0259sind\u0259n azad olunduqdan sonra, 2014-c&uuml; ilin yaz aylar\u0131nda \u0259vv\u0259ld\u0259n tan\u0131d\u0131\u011f\u0131 R\u0259sul adl\u0131 MTN \u0259m\u0259kda\u015f\u0131 ona z\u0259ng vurub, H&uuml;seyn Cavid ba\u011f\u0131nda g&ouml;r&uuml;\u015f&uuml;bl\u0259r: &quot;R\u0259sul adl\u0131 MTN \u0259m\u0259kda\u015f\u0131 Akif &Ccedil;ovdarovun m\u0259nd\u0259n nazirliy\u0259 &ccedil;oxsayl\u0131 \u015fikay\u0259t \u0259riz\u0259l\u0259rinin daxil oldu\u011funu dedi. Bu \u015fikay\u0259tl\u0259rin qar\u015f\u0131s\u0131n\u0131 almaq, m\u0259nim xeyrim\u0259 h\u0259ll etm\u0259k &uuml;&ccedil;&uuml;n m&uuml;\u0259yy\u0259n m\u0259bl\u0259\u011fd\u0259 pul ist\u0259diyini bildirdi. Ancaq konkret m\u0259bl\u0259\u011f s&ouml;yl\u0259m\u0259di. R\u0259sula he&ccedil; kim\u0259 h\u0259r hans\u0131 m\u0259bl\u0259\u011fd\u0259 pul verm\u0259y\u0259c\u0259yimi dedim&rdquo;.<\/p>\n<p>Ta\u011f\u0131 \u018fhm\u0259dovun s&ouml;zl\u0259rin\u0259 g&ouml;r\u0259, Akif &Ccedil;ovdarovun qanunsuz h\u0259r\u0259k\u0259tl\u0259ri bar\u0259d\u0259 sabiq milli t\u0259hl&uuml;k\u0259sizlik naziri Eldar Mahmudova m\u0259lumat verm\u0259k m\u0259qs\u0259dil\u0259 onun i\u015f telefonuna bir ne&ccedil;\u0259 d\u0259f\u0259 z\u0259ng edib v\u0259 k&ouml;m\u0259k&ccedil;isi V&uuml;qar Mahmudovla dan\u0131\u015f\u0131b:<\/p>\n<p>&quot;&Ouml;z&uuml;m&uuml; V&uuml;qar Mahmudova t\u0259qdim etdim, nazirl\u0259 dan\u0131\u015fmaq ist\u0259diyimi dedim. V&uuml;qar Mahmudov nazirin m\u0259\u015f\u011ful oldu\u011funu s&ouml;yl\u0259di. 5-6 d\u0259f\u0259 z\u0259ng vurduqdan sonra V&uuml;qar bildirdi ki, nazirl\u0259 dan\u0131\u015fmaq ist\u0259diyimi Eldar Mahmudova &ccedil;atd\u0131r\u0131b, nazir d\u0259 bu m\u0259s\u0259l\u0259ni Akif &Ccedil;ovdarova tap\u015f\u0131r\u0131b, m\u0259s\u0259l\u0259mi onunla h\u0259ll etm\u0259li oldu\u011fumu s&ouml;yl\u0259yib.<br \/>\nBundan sonra Akif &Ccedil;ovdarovun m\u0259nd\u0259n ist\u0259diyi puldan Eldar Mahmudovun da x\u0259b\u0259ri oldu\u011funu y\u0259qin etdim&rdquo;.<\/p>\n<p>Ta\u011f\u0131 \u018fhm\u0259dov qeyd edib ki, bir ne&ccedil;\u0259 g&uuml;n sonra MTN \u0259m\u0259kda\u015f\u0131 R\u0259sulla yen\u0259 H.Cavid park\u0131nda g&ouml;r&uuml;\u015f&uuml;b: &quot;R\u0259sul Akif &Ccedil;ovdarovun h\u0259min vaxt X\u0259tai rayon M\u0259hk\u0259m\u0259sind\u0259 hakim v\u0259zif\u0259sind\u0259 i\u015fl\u0259y\u0259n o\u011flum Rauf \u018fhm\u0259dovu yan\u0131na &ccedil;a\u011f\u0131rmaq ist\u0259diyini bildirdi. H\u0259min d&ouml;vrd\u0259 bir s\u0131ra &ouml;yr\u0259dilmi\u015f adamlar m\u0259tbuatda o\u011flum haqq\u0131nda \u015f\u0259r-b&ouml;htan yaz\u0131rd\u0131lar.<\/p>\n<p>H\u0259min yaz\u0131lar\u0131 Akif &Ccedil;ovdarovun m\u0259n\u0259 h\u0259d\u0259-qorxu g\u0259lm\u0259k &uuml;&ccedil;&uuml;n yazd\u0131rd\u0131\u011f\u0131n\u0131 d&uuml;\u015f&uuml;nd&uuml;m. R\u0259suldan soru\u015fdum ki, Akif &Ccedil;ovdarov o\u011flumu n\u0259 s\u0259b\u0259b\u0259 nazirliy\u0259 &ccedil;a\u011f\u0131rmaq ist\u0259yir. R\u0259sul bunun s\u0259b\u0259bini bilm\u0259diyini dedi. Yaln\u0131z s&ouml;yl\u0259di ki, Akif &Ccedil;ovdarovun s&ouml;zl\u0259rini m\u0259n\u0259 &ccedil;atd\u0131r\u0131r, \u0259lav\u0259 etdi ki, &Ccedil;ovdarov Rauf &ouml;z&uuml; nazirliy\u0259 g\u0259lm\u0259s\u0259, ba\u015f\u0131na torba ke&ccedil;ird\u0259r\u0259k g\u0259tizdir\u0259c\u0259yini bildirib. &Uuml;r\u0259k x\u0259st\u0259si olan o\u011flumun s\u0259hh\u0259tind\u0259n narahat oldu\u011fum &uuml;&ccedil;&uuml;n Akif &Ccedil;ovdarovun m\u0259nd\u0259n n\u0259 q\u0259d\u0259r pul ist\u0259diyini soru\u015fdum. R\u0259sul Akif &Ccedil;ovdarovun 3-5 milyon manat aras\u0131nda pul ist\u0259diyini dedi. Ona 3 milyon manat ver\u0259 bil\u0259c\u0259yimi s&ouml;yl\u0259dim.<\/p>\n<p>R\u0259suldan ayr\u0131ld\u0131qdan sonra evimd\u0259 olan 44 illik \u0259m\u0259k f\u0259aliyy\u0259tim n\u0259tic\u0259sind\u0259 y\u0131\u011fd\u0131\u011f\u0131m h\u0259min m\u0259bl\u0259\u011fd\u0259 pulu d&uuml;z\u0259ltdim. R\u0259sulla \u0259laq\u0259 saxlad\u0131m, o da z\u0259ng ed\u0259r\u0259k m\u0259n\u0259 m\u0259lumat ver\u0259c\u0259yini dedi&rdquo;.<\/p>\n<p>Ta\u011f\u0131 \u018fhm\u0259dovun s&ouml;zl\u0259rin\u0259 g&ouml;r\u0259, bir m&uuml;dd\u0259t sonra R\u0259sul ona z\u0259ng vurub: &quot;2014-c&uuml; ilin aprel ay\u0131n\u0131n \u0259vv\u0259ll\u0259ri idi. R\u0259sul pulu aprel ay\u0131n\u0131n \u0259vv\u0259ll\u0259rind\u0259, s\u0259h\u0259r tezd\u0259n 20 sayl\u0131 orta m\u0259kt\u0259bin yax\u0131nl\u0131\u011f\u0131nda, M&uuml;dafi\u0259 Nazirliyinin Ordu \u0130dman Klubuna qar\u015f\u0131 t\u0259r\u0259fd\u0259, Parlament prospektin\u0259 d&uuml;\u015f\u0259n k&uuml;&ccedil;\u0259d\u0259, qara r\u0259ngli &quot;C\u0130P&rdquo; markal\u0131 avtoma\u015f\u0131nda Akif &Ccedil;ovdarovun \u015f\u0259xs\u0259n &ouml;z&uuml;n\u0259 verm\u0259k laz\u0131m oldu\u011funu dedi.<\/p>\n<p>Akif &Ccedil;ovdarovla g&ouml;r&uuml;\u015fm\u0259k ist\u0259m\u0259diyimd\u0259n pulu qarda\u015f\u0131m o\u011flu \u018fli \u018fhm\u0259dov v\u0259 o\u011flum Ruslan\u0131n &ccedil;atd\u0131raca\u011f\u0131n\u0131 R\u0259sula dedim. Akif &Ccedil;ovdarova verm\u0259k &uuml;&ccedil;&uuml;n haz\u0131rlad\u0131\u011f\u0131m 3 milyon manat\u0131n 1.200.000 AB\u015e dollar\u0131, 1.500.000 avro, 300.000 is\u0259 manat \u0259skinasda olub. Pullar\u0131n ham\u0131s\u0131 birg\u0259 3 milyona b\u0259rab\u0259r idi.<\/p>\n<p>R\u0259sulla dan\u0131\u015fandan sonra h\u0259min pullar\u0131 o\u011flum Ruslana verdim. K&ouml;m\u0259k &uuml;&ccedil;&uuml;n qarda\u015f\u0131m o\u011flu \u018fli \u018fhm\u0259dovu da &ccedil;a\u011f\u0131rd\u0131m. H\u0259min pullar\u0131 o\u011flum v\u0259 qarda\u015f\u0131m o\u011flunun nec\u0259 qabla\u015fd\u0131rmas\u0131ndan, n\u0259yin i&ccedil;in\u0259 qoymalar\u0131ndan m\u0259lumat\u0131m yoxdur.<\/p>\n<p>\u018fli v\u0259 Ruslan qeyd olunan pulu aprelin 10-dan 12-n\u0259 kimi olan d&ouml;vrd\u0259, tarixin d\u0259qiq xat\u0131rlamad\u0131\u011f\u0131m zamanda Akif &Ccedil;ovdarova \u015f\u0259xs\u0259n veribl\u0259r. Pulu ver\u0259nd\u0259n sonra Akif &Ccedil;ovdarov v\u0259 dig\u0259rl\u0259ri il\u0259 h\u0259r hans\u0131 bir \u0259laq\u0259m, t\u0259mas\u0131m olmay\u0131b&rdquo;.<\/p>\n<p>Ta\u011f\u0131 \u018fhm\u0259dov bildirib ki, 2015-ci ilin oktyabr\u0131nda Eldar Mahmudov i\u015fd\u0259n &ccedil;\u0131xar\u0131ld\u0131qdan sonra R\u0259sula z\u0259ng edib v\u0259 Akif &Ccedil;ovdarovun ondan ald\u0131\u011f\u0131 pulu qaytarmas\u0131n\u0131 t\u0259l\u0259b edib: &quot;R\u0259sul s&ouml;zl\u0259rimi &ccedil;atd\u0131raca\u011f\u0131n\u0131 dedi. Bir m&uuml;dd\u0259t sonra cavab verdi ki, Akif &Ccedil;ovdarov he&ccedil; bir pul g&ouml;rm\u0259diyini, almad\u0131\u011f\u0131n\u0131 deyir.<\/p>\n<p>2014-c&uuml; ilin aprelind\u0259 3 milyon manat pul verm\u0259zd\u0259n bir-iki g&uuml;n \u0259vv\u0259l metronun &quot;Koro\u011flu&rdquo; stansiyas\u0131nda i\u015fl\u0259y\u0259n ticar\u0259t i\u015f&ccedil;il\u0259rind\u0259n El\u015f\u0259n adl\u0131 \u015f\u0259xsi v\u0259 qarda\u015f\u0131m o\u011flu \u015e&ouml;vq&uuml;n&uuml; Akif &Ccedil;ovdarovun i\u015f&ccedil;il\u0259ri qanunsuz olaraq i\u015f yerl\u0259rind\u0259n nazirliy\u0259 apar\u0131b, orada onlar\u0131n h\u0259r ikisini d&ouml;y&uuml;bl\u0259r. \u0130\u015f\u0259 qar\u0131\u015fandan sonra, y\u0259ni nazirin k&ouml;m\u0259k&ccedil;isi V&uuml;qar Mahmudova z\u0259ng vurandan sonra onlar\u0131n h\u0259r ikisini burax\u0131blar.<\/p>\n<p>Akif &Ccedil;ovdarovun bel\u0259 t\u0259zyiql\u0259rind\u0259n sonra 2014-c&uuml; ilin aprel ay\u0131nda 3 milyon manat\u0131 Akif &Ccedil;ovdarova &ccedil;atd\u0131rm\u0131\u015fam. Yaln\u0131z bundan sonra Akif &Ccedil;ovdarov m\u0259nd\u0259n v\u0259 yax\u0131nlar\u0131mdan \u0259l &ccedil;\u0259kib&rdquo;.<br \/>\nQeyd ed\u0259k ki, V&uuml;qar Mahmudovun cinay\u0259t i\u015fi bax\u0131lmas\u0131 &uuml;&ccedil;&uuml;n Bak\u0131 H\u0259rbi M\u0259hk\u0259m\u0259sin\u0259 g&ouml;nd\u0259rilib.<\/p>\n<p>Cinay\u0259t i\u015fi hakim Elb\u0259y Allahverdiyevin icraat\u0131na verilib.<br \/>\nM\u0259hk\u0259m\u0259nin haz\u0131rl\u0131q iclas\u0131 may\u0131n 1-n\u0259 t\u0259yin edilib.<\/p>\n","protected":false},"excerpt":{"rendered":"<p>&quot;Eldar Mahmudova z\u0259ng el\u0259dim&#8230;&quot; Bak\u0131 metropolitenini sabiq r\u0259isi Ta\u011f\u0131 \u018fhm\u0259dovun 3 milyon manat\u0131n\u0131 \u0259l\u0259 ke&ccedil;ir\u0259n sabiq milli t\u0259hl&uuml;k\u0259sizlik naziri Eldar Mahmudovun \u0259misi o\u011flu V&uuml;qar Mahmudovun cinay\u0259t i\u015fi &uuml;zr\u0259 verdiyi ifad\u0259si&hellip;<\/p>\n","protected":false},"author":1,"featured_media":251278,"comment_status":"open","ping_status":"open","sticky":false,"template":"","format":"standard","meta":{"_lmt_disableupdate":"","_lmt_disable":"","footnotes":""},"categories":[],"tags":[],"class_list":["post-78461","post","type-post","status-publish","format-standard","has-post-thumbnail","hentry"],"_links":{"self":[{"href":"https:\/\/ucnoqta.az\/index.php?rest_route=\/wp\/v2\/posts\/78461","targetHints":{"allow":["GET"]}}],"collection":[{"href":"https:\/\/ucnoqta.az\/index.php?rest_route=\/wp\/v2\/posts"}],"about":[{"href":"https:\/\/ucnoqta.az\/index.php?rest_route=\/wp\/v2\/types\/post"}],"author":[{"embeddable":true,"href":"https:\/\/ucnoqta.az\/index.php?rest_route=\/wp\/v2\/users\/1"}],"replies":[{"embeddable":true,"href":"https:\/\/ucnoqta.az\/index.php?rest_route=%2Fwp%2Fv2%2Fcomments&post=78461"}],"version-history":[{"count":0,"href":"https:\/\/ucnoqta.az\/index.php?rest_route=\/wp\/v2\/posts\/78461\/revisions"}],"wp:featuredmedia":[{"embeddable":true,"href":"https:\/\/ucnoqta.az\/index.php?rest_route=\/wp\/v2\/media\/251278"}],"wp:attachment":[{"href":"https:\/\/ucnoqta.az\/index.php?rest_route=%2Fwp%2Fv2%2Fmedia&parent=78461"}],"wp:term":[{"taxonomy":"category","embeddable":true,"href":"https:\/\/ucnoqta.az\/index.php?rest_route=%2Fwp%2Fv2%2Fcategories&post=78461"},{"taxonomy":"post_tag","embeddable":true,"href":"https:\/\/ucnoqta.az\/index.php?rest_route=%2Fwp%2Fv2%2Ftags&post=78461"}],"curies":[{"name":"wp","href":"https:\/\/api.w.org\/{rel}","templated":true}]}}