{"id":78453,"date":"2019-04-20T17:32:17","date_gmt":"2019-04-20T13:32:17","guid":{"rendered":""},"modified":"-0001-11-30T00:00:00","modified_gmt":"-0001-11-29T20:00:00","slug":"","status":"publish","type":"post","link":"https:\/\/ucnoqta.az\/?p=78453","title":{"rendered":"Dil\u00e7ilik \u0130nstitutunun direktoru: <font color=red><b>\u201cOrfoqrafiya Normalar\u0131 Artur Rasi-Zad\u0259nin soyad\u0131na \u015famil olunmur\u201d<\/b><\/font>"},"content":{"rendered":"<p><strong>&ldquo;Ba\u015f Nazir&nbsp;Novruz M\u0259mm\u0259dovun t\u0259sdiql\u0259diyi&nbsp;Az\u0259rbaycan dilinin Orfoqrafiya Normalar\u0131&nbsp;k&ouml;hn\u0259 qaydalara uy\u011fun \u015f\u0259kild\u0259 yaz\u0131lan soyadlara \u015famil olunmur.&nbsp; Az\u0259rbaycan\u0131n sabiq Ba\u015f Naziri Artur Rasi-Zad\u0259nin soyad\u0131 s\u0259n\u0259dd\u0259 nec\u0259dirs\u0259, el\u0259 d\u0259 qalacaq. Amma Az\u0259rbaycan dilinin Orfoqrafiya Normalar\u0131na \u0259sas\u0259n, -zad\u0259 \u015f\u0259kil&ccedil;isi biti\u015fik yaz\u0131lmal\u0131d\u0131r&rdquo;. <\/strong><\/p>\n<p>Bunu&nbsp;&ldquo;Report&rdquo;a a&ccedil;\u0131qlamas\u0131nda&nbsp;AMEA-n\u0131n Dil&ccedil;ilik \u0130nstitutunun direktoru, akademik M&ouml;hs&uuml;n Na\u011f\u0131soylu deyib. O bildirib ki, \u0259vv\u0259ll\u0259r -zad\u0259 \u015f\u0259kil&ccedil;isi il\u0259 ba\u011fl\u0131 b\u0259zi m&uuml;bahis\u0259l\u0259r olub: &ldquo;Amma biz onun aid oldu\u011fu s&ouml;z\u0259 biti\u015fik yaz\u0131lmas\u0131n\u0131 t\u0259klif etdik.<\/p>\n<p>&Ccedil;&uuml;nki b\u0259zil\u0259ri bu soyad sonlu\u011funu biti\u015fik, b\u0259zil\u0259ri d\u0259 defisl\u0259 yaz\u0131rd\u0131. Art\u0131q bundan sonra bir qayda olaraq biti\u015fik yaz\u0131lacaq. \u0130st\u0259r \u015eahzad\u0259, ist\u0259r H\u0259s\u0259nzad\u0259, ist\u0259rs\u0259 d\u0259 H&uuml;seynzad\u0259 olsun, \u015f\u0259kil&ccedil;i olaraq s&ouml;z\u0259 biti\u015fik yaz\u0131lmal\u0131d\u0131r. Haz\u0131rda -zad\u0259 \u015f\u0259kil&ccedil;isi il\u0259 bit\u0259n b\u0259zi soyadlar var ki, r\u0259smi s\u0259n\u0259dl\u0259rd\u0259 oldu\u011fu kimi, y\u0259ni haz\u0131rki Orfoqrafiya Normalar\u0131n\u0131n qaydalar\u0131na riay\u0259t olunmayan \u015f\u0259kild\u0259 yaz\u0131l\u0131r.<\/p>\n<p>Bununla ba\u011fl\u0131 g\u0259l\u0259c\u0259kd\u0259 t\u0259nziml\u0259m\u0259l\u0259r h\u0259yata ke&ccedil;irilm\u0259lidir. Biz sad\u0259c\u0259 olaraq, x&uuml;susi isiml\u0259ri deyil, &uuml;mumi isiml\u0259ri t\u0259klif etmi\u015fik. T\u0259bii ki, -zad\u0259 \u015f\u0259kil&ccedil;isi t\u0259kc\u0259 x&uuml;susi isiml\u0259r\u0259 deyil, &uuml;mumi isiml\u0259r\u0259 d\u0259 biti\u015fik yaz\u0131lmal\u0131d\u0131r. Dilimizd\u0259 -zad\u0259 \u015f\u0259kil&ccedil;isi kimi -p\u0259rv\u0259r, -xana \u015f\u0259kil&ccedil;il\u0259ri d\u0259 var. Onlar da aid olduqlar\u0131 s&ouml;z\u0259 biti\u015fik yaz\u0131l\u0131r&rdquo;.<\/p>\n","protected":false},"excerpt":{"rendered":"<p>&ldquo;Ba\u015f Nazir&nbsp;Novruz M\u0259mm\u0259dovun t\u0259sdiql\u0259diyi&nbsp;Az\u0259rbaycan dilinin Orfoqrafiya Normalar\u0131&nbsp;k&ouml;hn\u0259 qaydalara uy\u011fun \u015f\u0259kild\u0259 yaz\u0131lan soyadlara \u015famil olunmur.&nbsp; Az\u0259rbaycan\u0131n sabiq Ba\u015f Naziri Artur Rasi-Zad\u0259nin soyad\u0131 s\u0259n\u0259dd\u0259 nec\u0259dirs\u0259, el\u0259 d\u0259 qalacaq. Amma Az\u0259rbaycan dilinin Orfoqrafiya&hellip;<\/p>\n","protected":false},"author":1,"featured_media":251278,"comment_status":"open","ping_status":"open","sticky":false,"template":"","format":"standard","meta":{"_lmt_disableupdate":"","_lmt_disable":"","footnotes":""},"categories":[],"tags":[],"class_list":["post-78453","post","type-post","status-publish","format-standard","has-post-thumbnail","hentry"],"_links":{"self":[{"href":"https:\/\/ucnoqta.az\/index.php?rest_route=\/wp\/v2\/posts\/78453","targetHints":{"allow":["GET"]}}],"collection":[{"href":"https:\/\/ucnoqta.az\/index.php?rest_route=\/wp\/v2\/posts"}],"about":[{"href":"https:\/\/ucnoqta.az\/index.php?rest_route=\/wp\/v2\/types\/post"}],"author":[{"embeddable":true,"href":"https:\/\/ucnoqta.az\/index.php?rest_route=\/wp\/v2\/users\/1"}],"replies":[{"embeddable":true,"href":"https:\/\/ucnoqta.az\/index.php?rest_route=%2Fwp%2Fv2%2Fcomments&post=78453"}],"version-history":[{"count":0,"href":"https:\/\/ucnoqta.az\/index.php?rest_route=\/wp\/v2\/posts\/78453\/revisions"}],"wp:featuredmedia":[{"embeddable":true,"href":"https:\/\/ucnoqta.az\/index.php?rest_route=\/wp\/v2\/media\/251278"}],"wp:attachment":[{"href":"https:\/\/ucnoqta.az\/index.php?rest_route=%2Fwp%2Fv2%2Fmedia&parent=78453"}],"wp:term":[{"taxonomy":"category","embeddable":true,"href":"https:\/\/ucnoqta.az\/index.php?rest_route=%2Fwp%2Fv2%2Fcategories&post=78453"},{"taxonomy":"post_tag","embeddable":true,"href":"https:\/\/ucnoqta.az\/index.php?rest_route=%2Fwp%2Fv2%2Ftags&post=78453"}],"curies":[{"name":"wp","href":"https:\/\/api.w.org\/{rel}","templated":true}]}}