{"id":78452,"date":"2019-04-20T15:09:38","date_gmt":"2019-04-20T11:09:38","guid":{"rendered":""},"modified":"-0001-11-30T00:00:00","modified_gmt":"-0001-11-29T20:00:00","slug":"","status":"publish","type":"post","link":"https:\/\/ucnoqta.az\/?p=78452","title":{"rendered":"Zakir H\u0259s\u0259nov T\u00fcrkiy\u0259y\u0259 ba\u015fsa\u011fl\u0131\u011f\u0131 verdi"},"content":{"rendered":"<p><strong>Az\u0259rbaycan Respublikas\u0131n\u0131n M&uuml;dafi\u0259 naziri T&uuml;rkiy\u0259 t\u0259r\u0259fin\u0259 ba\u015fsa\u011fl\u0131\u011f\u0131 verib<\/strong><\/p>\n<p>Ucnoqta.az M&uuml;dafi\u0259 Nazirliyin\u0259 istinad\u0259n x\u0259b\u0259r verir ki, m&uuml;dafi\u0259 naziri, general-polkovnik Zakir H\u0259s\u0259nov T&uuml;rkiy\u0259 Respublikas\u0131n\u0131n Silahl\u0131 Q&uuml;vv\u0259l\u0259ri t\u0259r\u0259find\u0259n h\u0259yata ke&ccedil;iril\u0259n terrorla m&uuml;cadil\u0259 \u0259m\u0259liyyat\u0131nda h\u0259rbi qulluq&ccedil;ular\u0131n h\u0259lak olmas\u0131 v\u0259 x\u0259sar\u0259t almas\u0131 il\u0259 \u0259laq\u0259dar t&uuml;rkiy\u0259li h\u0259mkar\u0131 Hulusi Akara v\u0259 Ba\u015f Q\u0259rargah r\u0259isi, ordu general\u0131 Ya\u015far G&uuml;ler\u0259 ba\u015fsa\u011fl\u0131\u011f\u0131 &uuml;nvanlay\u0131b.<\/p>\n<p>Ba\u015fsa\u011fl\u0131\u011f\u0131nda bildirilir:<br \/>\n&ldquo;Qarda\u015f T&uuml;rkiy\u0259 Respublikas\u0131n\u0131n Silahl\u0131 Q&uuml;vv\u0259l\u0259ri t\u0259r\u0259find\u0259n u\u011furla h\u0259yata ke&ccedil;iril\u0259n terrorla m&uuml;cadil\u0259 \u0259m\u0259liyyat\u0131nda h\u0259rbi qulluq&ccedil;ular\u0131n h\u0259lak olmas\u0131 v\u0259 x\u0259sar\u0259t almas\u0131 haqq\u0131nda x\u0259b\u0259r m\u0259ni d\u0259rind\u0259n k\u0259d\u0259rl\u0259ndirdi. Sizin ac\u0131n\u0131z bizim d\u0259 ac\u0131m\u0131zd\u0131r.<\/p>\n<p>Terrora qar\u015f\u0131 apar\u0131lan k\u0259skin m&uuml;bariz\u0259d\u0259 daima qarda\u015f T&uuml;rkiy\u0259 Silahl\u0131 Q&uuml;vv\u0259l\u0259rinin yan\u0131nday\u0131q v\u0259 var g&uuml;c&uuml;m&uuml;zl\u0259 d\u0259st\u0259kl\u0259yirik.<br \/>\n\u015e\u0259hidl\u0259rimiz\u0259 r\u0259hm\u0259t dil\u0259yir, onlar\u0131n yax\u0131nlar\u0131n\u0131n d\u0259rdl\u0259rin\u0259 \u015f\u0259rik olur, ail\u0259l\u0259rin\u0259 d\u0259rin h&uuml;znl\u0259 ba\u015fsa\u011fl\u0131\u011f\u0131 verir\u0259m. B&uuml;t&uuml;n yaral\u0131lara Tanr\u0131dan \u015f\u0259fa dil\u0259yir\u0259m.<\/p>\n<p>Allah r\u0259hm\u0259t el\u0259sin&rdquo;.<\/p>\n","protected":false},"excerpt":{"rendered":"<p>Az\u0259rbaycan Respublikas\u0131n\u0131n M&uuml;dafi\u0259 naziri T&uuml;rkiy\u0259 t\u0259r\u0259fin\u0259 ba\u015fsa\u011fl\u0131\u011f\u0131 verib Ucnoqta.az M&uuml;dafi\u0259 Nazirliyin\u0259 istinad\u0259n x\u0259b\u0259r verir ki, m&uuml;dafi\u0259 naziri, general-polkovnik Zakir H\u0259s\u0259nov T&uuml;rkiy\u0259 Respublikas\u0131n\u0131n Silahl\u0131 Q&uuml;vv\u0259l\u0259ri t\u0259r\u0259find\u0259n h\u0259yata ke&ccedil;iril\u0259n terrorla m&uuml;cadil\u0259 \u0259m\u0259liyyat\u0131nda&hellip;<\/p>\n","protected":false},"author":1,"featured_media":251278,"comment_status":"open","ping_status":"open","sticky":false,"template":"","format":"standard","meta":{"_lmt_disableupdate":"","_lmt_disable":"","footnotes":""},"categories":[],"tags":[],"class_list":["post-78452","post","type-post","status-publish","format-standard","has-post-thumbnail","hentry"],"_links":{"self":[{"href":"https:\/\/ucnoqta.az\/index.php?rest_route=\/wp\/v2\/posts\/78452","targetHints":{"allow":["GET"]}}],"collection":[{"href":"https:\/\/ucnoqta.az\/index.php?rest_route=\/wp\/v2\/posts"}],"about":[{"href":"https:\/\/ucnoqta.az\/index.php?rest_route=\/wp\/v2\/types\/post"}],"author":[{"embeddable":true,"href":"https:\/\/ucnoqta.az\/index.php?rest_route=\/wp\/v2\/users\/1"}],"replies":[{"embeddable":true,"href":"https:\/\/ucnoqta.az\/index.php?rest_route=%2Fwp%2Fv2%2Fcomments&post=78452"}],"version-history":[{"count":0,"href":"https:\/\/ucnoqta.az\/index.php?rest_route=\/wp\/v2\/posts\/78452\/revisions"}],"wp:featuredmedia":[{"embeddable":true,"href":"https:\/\/ucnoqta.az\/index.php?rest_route=\/wp\/v2\/media\/251278"}],"wp:attachment":[{"href":"https:\/\/ucnoqta.az\/index.php?rest_route=%2Fwp%2Fv2%2Fmedia&parent=78452"}],"wp:term":[{"taxonomy":"category","embeddable":true,"href":"https:\/\/ucnoqta.az\/index.php?rest_route=%2Fwp%2Fv2%2Fcategories&post=78452"},{"taxonomy":"post_tag","embeddable":true,"href":"https:\/\/ucnoqta.az\/index.php?rest_route=%2Fwp%2Fv2%2Ftags&post=78452"}],"curies":[{"name":"wp","href":"https:\/\/api.w.org\/{rel}","templated":true}]}}