{"id":78448,"date":"2019-04-20T13:57:08","date_gmt":"2019-04-20T09:57:08","guid":{"rendered":""},"modified":"-0001-11-30T00:00:00","modified_gmt":"-0001-11-29T20:00:00","slug":"","status":"publish","type":"post","link":"https:\/\/ucnoqta.az\/?p=78448","title":{"rendered":"AB\u015e s\u0259firi Az\u0259rbaycan v\u0259 Erm\u0259nistan X\u0130N ba\u015f\u00e7\u0131lar\u0131n\u0131n g\u00f6r\u00fc\u015f\u00fcnd\u0259n <font color=red><b>Dan\u0131\u015fd\u0131<\/b><\/font>"},"content":{"rendered":"<p><strong>&quot;Nazirl\u0259rin Da\u011fl\u0131q Qaraba\u011f &uuml;zr\u0259 dan\u0131\u015f\u0131qlar\u0131 davam etdir\u0259c\u0259kl\u0259rin\u0259 &uuml;mid edir\u0259m&quot;<\/strong><\/p>\n<p>&ldquo;Nazirl\u0259rin&nbsp;Da\u011fl\u0131q Qaraba\u011f&nbsp;&uuml;zr\u0259 dan\u0131\u015f\u0131qlar\u0131 davam etdir\u0259c\u0259kl\u0259rin\u0259 &uuml;mid edir\u0259m&rdquo;.&nbsp; Bunu AB\u015e-\u0131n Az\u0259rbaycandak\u0131 s\u0259fir&nbsp;&Ouml;rl Litzenberqer&nbsp;AB\u015e D&ouml;vl\u0259t Departamentinin Az\u0259rbaycan v\u0259 Erm\u0259nistan xarici i\u015fl\u0259r nazirl\u0259rini Va\u015finqtona d\u0259v\u0259tini \u015f\u0259rh ed\u0259rk\u0259n &ldquo;Report&rdquo;a deyib.<\/p>\n<p>O, g&ouml;r&uuml;\u015f&uuml;n tarixi bar\u0259d\u0259 d\u0259qiq m\u0259lumat ver\u0259 bilm\u0259y\u0259c\u0259yini vur\u011fulayaraq aprelin 15-d\u0259 Moskvada Az\u0259rbaycan\u0131n xarici i\u015fl\u0259r naziri&nbsp;Elmar M\u0259mm\u0259dyarovun erm\u0259ni h\u0259mkar\u0131 il\u0259 g&ouml;r&uuml;\u015f&uuml;n&uuml; m&uuml;sb\u0259t d\u0259y\u0259rl\u0259ndirib: &ldquo;AT\u018fT-in Minsk qrupu h\u0259ms\u0259drl\u0259rinin m\u0259qs\u0259di Da\u011fl\u0131q Qaraba\u011f m&uuml;naqi\u015f\u0259sinin dinc yolla h\u0259ll edilm\u0259si &uuml;&ccedil;&uuml;n dan\u0131\u015f\u0131qlar\u0131n davam etdirilm\u0259sidir&ldquo;.<\/p>\n","protected":false},"excerpt":{"rendered":"<p>&quot;Nazirl\u0259rin Da\u011fl\u0131q Qaraba\u011f &uuml;zr\u0259 dan\u0131\u015f\u0131qlar\u0131 davam etdir\u0259c\u0259kl\u0259rin\u0259 &uuml;mid edir\u0259m&quot; &ldquo;Nazirl\u0259rin&nbsp;Da\u011fl\u0131q Qaraba\u011f&nbsp;&uuml;zr\u0259 dan\u0131\u015f\u0131qlar\u0131 davam etdir\u0259c\u0259kl\u0259rin\u0259 &uuml;mid edir\u0259m&rdquo;.&nbsp; Bunu AB\u015e-\u0131n Az\u0259rbaycandak\u0131 s\u0259fir&nbsp;&Ouml;rl Litzenberqer&nbsp;AB\u015e D&ouml;vl\u0259t Departamentinin Az\u0259rbaycan v\u0259 Erm\u0259nistan xarici i\u015fl\u0259r nazirl\u0259rini Va\u015finqtona&hellip;<\/p>\n","protected":false},"author":1,"featured_media":251278,"comment_status":"open","ping_status":"open","sticky":false,"template":"","format":"standard","meta":{"_lmt_disableupdate":"","_lmt_disable":"","footnotes":""},"categories":[86],"tags":[],"class_list":["post-78448","post","type-post","status-publish","format-standard","has-post-thumbnail","hentry","category-siyaset"],"_links":{"self":[{"href":"https:\/\/ucnoqta.az\/index.php?rest_route=\/wp\/v2\/posts\/78448","targetHints":{"allow":["GET"]}}],"collection":[{"href":"https:\/\/ucnoqta.az\/index.php?rest_route=\/wp\/v2\/posts"}],"about":[{"href":"https:\/\/ucnoqta.az\/index.php?rest_route=\/wp\/v2\/types\/post"}],"author":[{"embeddable":true,"href":"https:\/\/ucnoqta.az\/index.php?rest_route=\/wp\/v2\/users\/1"}],"replies":[{"embeddable":true,"href":"https:\/\/ucnoqta.az\/index.php?rest_route=%2Fwp%2Fv2%2Fcomments&post=78448"}],"version-history":[{"count":0,"href":"https:\/\/ucnoqta.az\/index.php?rest_route=\/wp\/v2\/posts\/78448\/revisions"}],"wp:featuredmedia":[{"embeddable":true,"href":"https:\/\/ucnoqta.az\/index.php?rest_route=\/wp\/v2\/media\/251278"}],"wp:attachment":[{"href":"https:\/\/ucnoqta.az\/index.php?rest_route=%2Fwp%2Fv2%2Fmedia&parent=78448"}],"wp:term":[{"taxonomy":"category","embeddable":true,"href":"https:\/\/ucnoqta.az\/index.php?rest_route=%2Fwp%2Fv2%2Fcategories&post=78448"},{"taxonomy":"post_tag","embeddable":true,"href":"https:\/\/ucnoqta.az\/index.php?rest_route=%2Fwp%2Fv2%2Ftags&post=78448"}],"curies":[{"name":"wp","href":"https:\/\/api.w.org\/{rel}","templated":true}]}}