{"id":78441,"date":"2019-04-20T11:58:54","date_gmt":"2019-04-20T07:58:54","guid":{"rendered":""},"modified":"-0001-11-30T00:00:00","modified_gmt":"-0001-11-29T20:00:00","slug":"","status":"publish","type":"post","link":"https:\/\/ucnoqta.az\/?p=78441","title":{"rendered":"Adnan Oktar\u0131n \u201ckediciyi\u201d qa\u00e7\u0131r\u0131ld\u0131 \u2014 <font color=red><b>Foto<\/b><\/font>"},"content":{"rendered":"<p><strong>Adnan Oktar qrupla\u015fmas\u0131na qar\u015f\u0131 ke&ccedil;iril\u0259n \u0259m\u0259liyyat &ccedil;\u0259r&ccedil;iv\u0259sind\u0259 saxlan\u0131lan Tuba Babuna bir ne&ccedil;\u0259 g&uuml;n \u0259vv\u0259l s\u0259hh\u0259tind\u0259 yaranan probleml\u0259r\u0259 g&ouml;r\u0259 s\u0259rb\u0259st burax\u0131lm\u0131\u015fd\u0131.<\/strong><\/p>\n<p>Onun anas\u0131 q\u0131z\u0131n\u0131n qa&ccedil;\u0131r\u0131ld\u0131\u011f\u0131n\u0131, azadl\u0131\u011fa &ccedil;\u0131xd\u0131qdan sonra ondan x\u0259b\u0259r ala bilm\u0259diyini deyib.<\/p>\n<p>Tuba Babuna h\u0259bsd\u0259n 9 ay sonra sa\u011flaml\u0131q probleml\u0259rin\u0259 g&ouml;r\u0259 15 aprel tarixind\u0259 azadl\u0131\u011fa burax\u0131l\u0131b. Amma o g&uuml;nd\u0259n sonra ondan x\u0259b\u0259r almaq m&uuml;mk&uuml;n olmay\u0131b. Ana Babuna iddia edib ki, q\u0131z\u0131 qrupla\u015fma t\u0259r\u0259find\u0259n qa&ccedil;\u0131r\u0131l\u0131b:<\/p>\n<p>&ldquo;Qrupla\u015fma t\u0259r\u0259find\u0259n bizim bilm\u0259diyimiz bir yer\u0259 apar\u0131l\u0131b. \u018fslind\u0259 evd\u0259 olmal\u0131 idi. &Ccedil;&uuml;nki &ccedil;ox narahatd\u0131r. Bu x\u0259st\u0259liy\u0259 2-3 il \u0259vv\u0259l qrupla\u015fmada olanda yoluxub. U\u015faqlar\u0131m\u0131 qrupla\u015fmadan xilas etm\u0259k &uuml;&ccedil;&uuml;n \u0259limd\u0259n g\u0259l\u0259ni ed\u0259c\u0259m&rdquo;.<\/p>\n<p>Tuba Babuna Adnan Oktarla 31 il \u0259vv\u0259l, 18 ya\u015f\u0131 olanda tan\u0131\u015f olub.\/olke.az<\/p>\n","protected":false},"excerpt":{"rendered":"<p>Adnan Oktar qrupla\u015fmas\u0131na qar\u015f\u0131 ke&ccedil;iril\u0259n \u0259m\u0259liyyat &ccedil;\u0259r&ccedil;iv\u0259sind\u0259 saxlan\u0131lan Tuba Babuna bir ne&ccedil;\u0259 g&uuml;n \u0259vv\u0259l s\u0259hh\u0259tind\u0259 yaranan probleml\u0259r\u0259 g&ouml;r\u0259 s\u0259rb\u0259st burax\u0131lm\u0131\u015fd\u0131. Onun anas\u0131 q\u0131z\u0131n\u0131n qa&ccedil;\u0131r\u0131ld\u0131\u011f\u0131n\u0131, azadl\u0131\u011fa &ccedil;\u0131xd\u0131qdan sonra ondan x\u0259b\u0259r ala&hellip;<\/p>\n","protected":false},"author":1,"featured_media":251278,"comment_status":"open","ping_status":"open","sticky":false,"template":"","format":"standard","meta":{"_lmt_disableupdate":"","_lmt_disable":"","footnotes":""},"categories":[],"tags":[],"class_list":["post-78441","post","type-post","status-publish","format-standard","has-post-thumbnail","hentry"],"_links":{"self":[{"href":"https:\/\/ucnoqta.az\/index.php?rest_route=\/wp\/v2\/posts\/78441","targetHints":{"allow":["GET"]}}],"collection":[{"href":"https:\/\/ucnoqta.az\/index.php?rest_route=\/wp\/v2\/posts"}],"about":[{"href":"https:\/\/ucnoqta.az\/index.php?rest_route=\/wp\/v2\/types\/post"}],"author":[{"embeddable":true,"href":"https:\/\/ucnoqta.az\/index.php?rest_route=\/wp\/v2\/users\/1"}],"replies":[{"embeddable":true,"href":"https:\/\/ucnoqta.az\/index.php?rest_route=%2Fwp%2Fv2%2Fcomments&post=78441"}],"version-history":[{"count":0,"href":"https:\/\/ucnoqta.az\/index.php?rest_route=\/wp\/v2\/posts\/78441\/revisions"}],"wp:featuredmedia":[{"embeddable":true,"href":"https:\/\/ucnoqta.az\/index.php?rest_route=\/wp\/v2\/media\/251278"}],"wp:attachment":[{"href":"https:\/\/ucnoqta.az\/index.php?rest_route=%2Fwp%2Fv2%2Fmedia&parent=78441"}],"wp:term":[{"taxonomy":"category","embeddable":true,"href":"https:\/\/ucnoqta.az\/index.php?rest_route=%2Fwp%2Fv2%2Fcategories&post=78441"},{"taxonomy":"post_tag","embeddable":true,"href":"https:\/\/ucnoqta.az\/index.php?rest_route=%2Fwp%2Fv2%2Ftags&post=78441"}],"curies":[{"name":"wp","href":"https:\/\/api.w.org\/{rel}","templated":true}]}}