{"id":78440,"date":"2019-04-20T11:45:33","date_gmt":"2019-04-20T07:45:33","guid":{"rendered":""},"modified":"-0001-11-30T00:00:00","modified_gmt":"-0001-11-29T20:00:00","slug":"","status":"publish","type":"post","link":"https:\/\/ucnoqta.az\/?p=78440","title":{"rendered":"Qeyri-sabit hava \u015f\u0259raiti n\u0259 vaxta q\u0259d\u0259r davam ed\u0259c\u0259k?- <font color=red><b>A\u00e7\u0131qlama<\/b><\/font>"},"content":{"rendered":"<p><strong>&Ouml;lk\u0259 \u0259razisind\u0259 m&uuml;\u015fahid\u0259 edil\u0259n qeyri-sabit hava \u015f\u0259raiti aprel ay\u0131n\u0131n 24-n\u0259 q\u0259d\u0259r davam ed\u0259c\u0259k.<\/strong><\/p>\n<p>Ucnoqta.az x\u0259b\u0259r verir ki, bu bar\u0259d\u0259&nbsp;Oxu.Az-a Ekologiya v\u0259 T\u0259bii S\u0259rv\u0259tl\u0259r Nazirliyinin Milli Hidrometeorologiya Departamentinin ba\u015f hidroloqu Asif Verdiyev m\u0259lumat verib.<\/p>\n<p>Ba\u015f hidroloq xat\u0131rlad\u0131b ki, aprelin 19-u g&uuml;nd&uuml;z saatlar\u0131ndan ba\u015flayan qeyri-sabit hava \u015f\u0259raiti h\u0259l\u0259 d\u0259 davam edir:<br \/>\n&ldquo;B\u0259zi yerl\u0259rd\u0259 ya\u011f\u0131\u015f, da\u011fl\u0131q \u0259razil\u0259rd\u0259 qar ya\u011f\u0131b. Nax&ccedil;\u0131van MR-n\u0131n v\u0259 L\u0259nk\u0259ran-Astara zonas\u0131n\u0131n bir s\u0131ra \u0259razil\u0259rind\u0259 ya\u011f\u0131nt\u0131lar intensiv olub.<\/p>\n<p>Eyni zamanda Nax&ccedil;\u0131van MR-n\u0131n Ordubad rayonun da\u011fl\u0131q \u0259razil\u0259rind\u0259, Da\u015fk\u0259s\u0259n, G\u0259d\u0259b\u0259y, G&ouml;yg&ouml;l,&nbsp;Ki&ccedil;ik Qafqazda, el\u0259c\u0259 d\u0259 B&ouml;y&uuml;k Qafqaz \u0259razil\u0259rind\u0259 intensiv ya\u011fnt\u0131lar m&uuml;\u015fahid\u0259 edilib&rdquo;.<br \/>\nA.Verdiyevin s&ouml;zl\u0259rin\u0259 g&ouml;r\u0259, intensiv ya\u011f\u0131nt\u0131lar n\u0259tic\u0259sind\u0259 respublika \u0259razisind\u0259ki &ccedil;aylarda suyun s\u0259viyy\u0259si art\u0131b:<\/p>\n<p>&ldquo;Respublika &ccedil;aylar\u0131nda sululu\u011fun art\u0131m\u0131 davam edib. \u018fsas\u0259n, L\u0259nk\u0259ran-Astara b&ouml;lg\u0259sin\u0259 aid olan L\u0259nk\u0259ran&ccedil;ayda, eyni zamanda Ki&ccedil;ik Qafqaz \u0259rzisin\u0259 axan Z\u0259y\u0259m&ccedil;ayda v\u0259 Qan\u0131x, Araz &ccedil;aylar\u0131nda da art\u0131m m&uuml;\u015fahid\u0259 edilib.<\/p>\n<p>&Uuml;mumilikd\u0259 is\u0259 &ouml;lk\u0259 \u0259razisind\u0259 m&uuml;\u015fahid\u0259 edil\u0259n qeyri-sabit hava \u015f\u0259raiti aprel ay\u0131n\u0131n 24-\u0259 q\u0259d\u0259r davam ed\u0259c\u0259k&rdquo;.<\/p>\n","protected":false},"excerpt":{"rendered":"<p>&Ouml;lk\u0259 \u0259razisind\u0259 m&uuml;\u015fahid\u0259 edil\u0259n qeyri-sabit hava \u015f\u0259raiti aprel ay\u0131n\u0131n 24-n\u0259 q\u0259d\u0259r davam ed\u0259c\u0259k. Ucnoqta.az x\u0259b\u0259r verir ki, bu bar\u0259d\u0259&nbsp;Oxu.Az-a Ekologiya v\u0259 T\u0259bii S\u0259rv\u0259tl\u0259r Nazirliyinin Milli Hidrometeorologiya Departamentinin ba\u015f hidroloqu Asif&hellip;<\/p>\n","protected":false},"author":1,"featured_media":251278,"comment_status":"open","ping_status":"open","sticky":false,"template":"","format":"standard","meta":{"_lmt_disableupdate":"","_lmt_disable":"","footnotes":""},"categories":[91],"tags":[],"class_list":["post-78440","post","type-post","status-publish","format-standard","has-post-thumbnail","hentry","category-olkeici"],"_links":{"self":[{"href":"https:\/\/ucnoqta.az\/index.php?rest_route=\/wp\/v2\/posts\/78440","targetHints":{"allow":["GET"]}}],"collection":[{"href":"https:\/\/ucnoqta.az\/index.php?rest_route=\/wp\/v2\/posts"}],"about":[{"href":"https:\/\/ucnoqta.az\/index.php?rest_route=\/wp\/v2\/types\/post"}],"author":[{"embeddable":true,"href":"https:\/\/ucnoqta.az\/index.php?rest_route=\/wp\/v2\/users\/1"}],"replies":[{"embeddable":true,"href":"https:\/\/ucnoqta.az\/index.php?rest_route=%2Fwp%2Fv2%2Fcomments&post=78440"}],"version-history":[{"count":0,"href":"https:\/\/ucnoqta.az\/index.php?rest_route=\/wp\/v2\/posts\/78440\/revisions"}],"wp:featuredmedia":[{"embeddable":true,"href":"https:\/\/ucnoqta.az\/index.php?rest_route=\/wp\/v2\/media\/251278"}],"wp:attachment":[{"href":"https:\/\/ucnoqta.az\/index.php?rest_route=%2Fwp%2Fv2%2Fmedia&parent=78440"}],"wp:term":[{"taxonomy":"category","embeddable":true,"href":"https:\/\/ucnoqta.az\/index.php?rest_route=%2Fwp%2Fv2%2Fcategories&post=78440"},{"taxonomy":"post_tag","embeddable":true,"href":"https:\/\/ucnoqta.az\/index.php?rest_route=%2Fwp%2Fv2%2Ftags&post=78440"}],"curies":[{"name":"wp","href":"https:\/\/api.w.org\/{rel}","templated":true}]}}