{"id":78439,"date":"2019-04-20T11:43:30","date_gmt":"2019-04-20T07:43:30","guid":{"rendered":""},"modified":"-0001-11-30T00:00:00","modified_gmt":"-0001-11-29T20:00:00","slug":"","status":"publish","type":"post","link":"https:\/\/ucnoqta.az\/?p=78439","title":{"rendered":"Bak\u0131da qarda\u015f\u0131n b\u0131\u00e7aqlad\u0131\u011f\u0131 bac\u0131lar\u0131n ikisi d\u0259 \u00f6ld\u00fc"},"content":{"rendered":"<p><strong>Bak\u0131da qarda\u015f\u0131n\u0131n b\u0131&ccedil;aqlad\u0131\u011f\u0131 bac\u0131lardan dig\u0259ri d\u0259&nbsp;x\u0259st\u0259xanada v\u0259fat edib.<\/strong><\/p>\n<p>Ucnoqta.az Oxu.Az-a istinad\u0259n x\u0259b\u0259r verir ki, hadis\u0259 aprel ay\u0131n\u0131n 16-da paytaxt\u0131n X\u0259z\u0259r rayonu, Buzovna q\u0259s\u0259b\u0259sind\u0259 ba\u015f verib.<\/p>\n<p>Bel\u0259 ki, 1976-c\u0131 il t\u0259v\u0259ll&uuml;dl&uuml; \u018flimanov Muxtar \u015eirbala o\u011flu ail\u0259 m&uuml;naqi\u015f\u0259si z\u0259minind\u0259 ya\u015fad\u0131\u011f\u0131 evin qonaq ota\u011f\u0131nda bac\u0131s\u0131, 1964-c&uuml; t\u0259v\u0259ll&uuml;dl&uuml; \u018flimanova S\u0259ad\u0259t \u015eirbala q\u0131z\u0131n\u0131 m\u0259tb\u0259xd\u0259n g&ouml;t&uuml;rd&uuml;y&uuml; b\u0131&ccedil;aqla bir ne&ccedil;\u0259 z\u0259rb\u0259 endir\u0259r\u0259k &ouml;ld&uuml;r&uuml;b.<\/p>\n<p>Daha sonra h\u0259min b\u0131&ccedil;aqla dig\u0259r bac\u0131s\u0131 1962-ci il t\u0259v\u0259ll&uuml;dl&uuml;&nbsp;\u018flimanova M\u0259lah\u0259t \u015eirbala q\u0131z\u0131na bir ne&ccedil;\u0259 b\u0131&ccedil;aq z\u0259rb\u0259si vuraraq a\u011f\u0131r b\u0259d\u0259n x\u0259sar\u0259tl\u0259ri yetirib. A\u011f\u0131r yaralanan qad\u0131n d\u0259rhal x\u0259st\u0259xanaya yerl\u0259\u015fdirilib. H\u0259kiml\u0259rin&nbsp;s\u0259yl\u0259rin\u0259 r\u0259\u011fm\u0259n qad\u0131n d&uuml;n\u0259n x\u0259st\u0259xanada d&uuml;nyas\u0131n\u0131 d\u0259yi\u015fib.<\/p>\n<p>Qad\u0131n\u0131n meyiti tibbi ekspertizaya t\u0259qdim edilib.<\/p>\n<p>Faktla ba\u011fl\u0131 Cinay\u0259t M\u0259c\u0259ll\u0259sinin 120.2.7-ci (iki v\u0259 daha &ccedil;ox \u015f\u0259xsi q\u0259sd\u0259n &ouml;ld&uuml;rm\u0259) madd\u0259si il\u0259 cinay\u0259t i\u015fi ba\u015flad\u0131l\u0131b.<\/p>\n","protected":false},"excerpt":{"rendered":"<p>Bak\u0131da qarda\u015f\u0131n\u0131n b\u0131&ccedil;aqlad\u0131\u011f\u0131 bac\u0131lardan dig\u0259ri d\u0259&nbsp;x\u0259st\u0259xanada v\u0259fat edib. Ucnoqta.az Oxu.Az-a istinad\u0259n x\u0259b\u0259r verir ki, hadis\u0259 aprel ay\u0131n\u0131n 16-da paytaxt\u0131n X\u0259z\u0259r rayonu, Buzovna q\u0259s\u0259b\u0259sind\u0259 ba\u015f verib. Bel\u0259 ki, 1976-c\u0131 il t\u0259v\u0259ll&uuml;dl&uuml;&hellip;<\/p>\n","protected":false},"author":1,"featured_media":251278,"comment_status":"open","ping_status":"open","sticky":false,"template":"","format":"standard","meta":{"_lmt_disableupdate":"","_lmt_disable":"","footnotes":""},"categories":[],"tags":[],"class_list":["post-78439","post","type-post","status-publish","format-standard","has-post-thumbnail","hentry"],"_links":{"self":[{"href":"https:\/\/ucnoqta.az\/index.php?rest_route=\/wp\/v2\/posts\/78439","targetHints":{"allow":["GET"]}}],"collection":[{"href":"https:\/\/ucnoqta.az\/index.php?rest_route=\/wp\/v2\/posts"}],"about":[{"href":"https:\/\/ucnoqta.az\/index.php?rest_route=\/wp\/v2\/types\/post"}],"author":[{"embeddable":true,"href":"https:\/\/ucnoqta.az\/index.php?rest_route=\/wp\/v2\/users\/1"}],"replies":[{"embeddable":true,"href":"https:\/\/ucnoqta.az\/index.php?rest_route=%2Fwp%2Fv2%2Fcomments&post=78439"}],"version-history":[{"count":0,"href":"https:\/\/ucnoqta.az\/index.php?rest_route=\/wp\/v2\/posts\/78439\/revisions"}],"wp:featuredmedia":[{"embeddable":true,"href":"https:\/\/ucnoqta.az\/index.php?rest_route=\/wp\/v2\/media\/251278"}],"wp:attachment":[{"href":"https:\/\/ucnoqta.az\/index.php?rest_route=%2Fwp%2Fv2%2Fmedia&parent=78439"}],"wp:term":[{"taxonomy":"category","embeddable":true,"href":"https:\/\/ucnoqta.az\/index.php?rest_route=%2Fwp%2Fv2%2Fcategories&post=78439"},{"taxonomy":"post_tag","embeddable":true,"href":"https:\/\/ucnoqta.az\/index.php?rest_route=%2Fwp%2Fv2%2Ftags&post=78439"}],"curies":[{"name":"wp","href":"https:\/\/api.w.org\/{rel}","templated":true}]}}