{"id":78422,"date":"2019-04-19T23:04:27","date_gmt":"2019-04-19T19:04:27","guid":{"rendered":""},"modified":"-0001-11-30T00:00:00","modified_gmt":"-0001-11-29T20:00:00","slug":"","status":"publish","type":"post","link":"https:\/\/ucnoqta.az\/?p=78422","title":{"rendered":"Leyla \u018fliyeva \u201cBahar sevincl\u0259ri\u201d s\u0259rgisind\u0259 &#8211; <font color=red><b>Foto<\/b><\/font>"},"content":{"rendered":"<p><strong>\u018fm\u0259k v\u0259 \u018fhalinin Sosial M&uuml;dafi\u0259si Nazirliyinin t\u0259\u015fkilat&ccedil;\u0131l\u0131\u011f\u0131 il\u0259 D\u0259nizk\u0259nar\u0131 Milli Parkda yerl\u0259\u015f\u0259n &ldquo;Elektra Events Hall&rdquo;da nazirliyin sosial m&uuml;\u0259ssis\u0259l\u0259rinin sakinl\u0259rinin, \u0259sas\u0259n sa\u011flaml\u0131q imkanlar\u0131 m\u0259hdud u\u015faq v\u0259 g\u0259ncl\u0259rin &ldquo;Bahar sevincl\u0259ri&rdquo; adl\u0131 s\u0259rgisi v\u0259 konsert proqram\u0131 t\u0259\u015fkil olunub. Heyd\u0259r \u018fliyev Fondunun vitse-prezidenti Leyla \u018fliyeva t\u0259dbird\u0259 i\u015ftirak edib.<\/strong><\/p>\n<p>\u018fm\u0259k v\u0259 \u0259halinin sosial m&uuml;dafi\u0259si naziri Sahil Babayev bel\u0259 bir s\u0259rginin nazirlik t\u0259r\u0259find\u0259n son bir il \u0259rzind\u0259 art\u0131q &uuml;&ccedil;&uuml;nc&uuml; d\u0259f\u0259 ke&ccedil;irildiyini bildirib. O, Prezident \u0130lham \u018fliyevin tap\u015f\u0131r\u0131\u011f\u0131na uy\u011fun olaraq, sa\u011flaml\u0131q imkanlar\u0131 m\u0259hdud u\u015faq v\u0259 g\u0259ncl\u0259rin reabilitasiya v\u0259 c\u0259miyy\u0259t\u0259 inteqrasiya imkanlar\u0131n\u0131n art\u0131r\u0131lmas\u0131 istiqam\u0259tind\u0259 t\u0259dbirl\u0259rin ild\u0259n-il\u0259 geni\u015fl\u0259ndirildiyini vur\u011fulay\u0131b. Nazir Az\u0259rbaycan Respublikas\u0131n\u0131n Birinci vitse-prezidenti, Heyd\u0259r \u018fliyev Fondunun prezidenti Mehriban \u018fliyevan\u0131n bu sah\u0259d\u0259 x&uuml;susi d\u0259st\u0259yini qeyd edib, Fondun h\u0259ssas qruplardan olan insanlar\u0131n qay\u011f\u0131 il\u0259 v\u0259 reabilitasiya t\u0259dbirl\u0259ri il\u0259 \u0259hat\u0259 olunmas\u0131nda yax\u0131ndan i\u015ftirak etdiyini bildirib. S.Babayev nazirliyin sa\u011flaml\u0131q imkanlar\u0131 m\u0259hdud u\u015faqlar &uuml;&ccedil;&uuml;n sosial xidm\u0259t m&uuml;\u0259ssis\u0259l\u0259rind\u0259 n&uuml;mun\u0259vi ya\u015fay\u0131\u015f v\u0259 reabilitasiya \u015f\u0259raitinin yarad\u0131lmas\u0131n\u0131n da Heyd\u0259r \u018fliyev Fondunun m&uuml;vafiq proqram\u0131 &ccedil;\u0259r&ccedil;iv\u0259sind\u0259 realla\u015fd\u0131\u011f\u0131n\u0131 diqq\u0259t\u0259 &ccedil;atd\u0131r\u0131b.<\/p>\n<p>&ldquo;Bahar sevincl\u0259ri&rdquo; \u015f\u0259nliyind\u0259 \u018fm\u0259k v\u0259 \u018fhalinin Sosial M&uuml;dafi\u0259si Nazirliyi n\u0259zdind\u0259 f\u0259aliyy\u0259t g&ouml;st\u0259r\u0259n sosial m&uuml;\u0259ssis\u0259 sakinl\u0259ri, ictimai birlikl\u0259r, nazirliyin himay\u0259sind\u0259 olan inkl&uuml;ziv teatr v\u0259 yarad\u0131c\u0131l\u0131q birlikl\u0259ri &ouml;z yarad\u0131c\u0131l\u0131q bacar\u0131qlar\u0131n\u0131 n&uuml;mayi\u015f etdiribl\u0259r.<\/p>\n<p>Leyla \u018fliyeva sa\u011flaml\u0131q imkanlar\u0131 m\u0259hdud u\u015faq v\u0259 g\u0259ncl\u0259rin, sosial m&uuml;\u0259ssis\u0259 sakinl\u0259rinin \u0259l i\u015fl\u0259rind\u0259n ibar\u0259t s\u0259rgiy\u0259 bax\u0131b. R\u0259ssaml\u0131q, b\u0259dii oyma, toxuculuq n&ouml;vl\u0259ri &uuml;zr\u0259 t\u0259qdim olunan \u0259l i\u015fl\u0259rind\u0259 m&uuml;\u0259llifl\u0259rin h\u0259yata nikbin bax\u0131\u015flar\u0131, arzu v\u0259 d&uuml;\u015f&uuml;nc\u0259l\u0259ri, V\u0259t\u0259n\u0259 sevgi hissl\u0259ri, Az\u0259rbaycan t\u0259bi\u0259tinin g&ouml;z\u0259llikl\u0259ri, z\u0259ngin milli-m\u0259n\u0259vi d\u0259y\u0259rl\u0259rimiz ifad\u0259 olunub.<\/p>\n<p>Qeyd edilib ki, h\u0259r bir sosial m&uuml;\u0259ssis\u0259d\u0259 sakinl\u0259rin yarad\u0131c\u0131l\u0131q meyill\u0259ri n\u0259z\u0259r\u0259 al\u0131nmaqla m&uuml;xt\u0259lif d\u0259rn\u0259kl\u0259r, t\u0259lim kurslar\u0131 t\u0259\u015fkil olunub, onlar\u0131n m&uuml;vafiq inc\u0259s\u0259n\u0259t sah\u0259l\u0259rind\u0259 bacar\u0131q v\u0259 qabiliyy\u0259tl\u0259ri inki\u015faf etdirilir. H\u0259m&ccedil;inin musiqi v\u0259 r\u0259qs t\u0259limi kurslar\u0131 t\u0259\u015fkil olunub, \u0259lilliyi olan \u015f\u0259xsl\u0259rd\u0259n ibar\u0259t musiqi v\u0259 r\u0259qs kollektivi yarad\u0131l\u0131b, onlar &uuml;&ccedil;&uuml;n x&uuml;susi r\u0259qs v\u0259 s\u0259hn\u0259 geyiml\u0259ri v\u0259 musiqi repertuarlar\u0131 haz\u0131rlan\u0131b. Sosial m&uuml;\u0259ssis\u0259l\u0259rd\u0259n v\u0259 s\u0131\u011f\u0131nacaqlardan olan u\u015faq v\u0259 yeniyetm\u0259l\u0259r &uuml;&ccedil;&uuml;n m&uuml;t\u0259madi olaraq x&uuml;susi ekskursiyalar v\u0259 t\u0259lim kurslar\u0131 t\u0259\u015fkil edilir, onlar\u0131n d&uuml;zg&uuml;n t\u0259rbiy\u0259si, m\u0259n\u0259vi inki\u015faf\u0131 v\u0259 c\u0259miyy\u0259t\u0259 inteqrasiyas\u0131 &uuml;&ccedil;&uuml;n m\u0259qs\u0259dy&ouml;nl&uuml; strategiya h\u0259yata ke&ccedil;irilir.<\/p>\n<p>\u018fl i\u015fl\u0259rinin m&uuml;\u0259llifl\u0259ri il\u0259 s&ouml;hb\u0259t ed\u0259n Leyla \u018fliyeva onlara g\u0259l\u0259c\u0259k f\u0259aliyy\u0259tl\u0259rind\u0259 u\u011furlar arzulay\u0131b.<\/p>\n<p>Milli kulinariya gu\u015f\u0259sind\u0259 u\u015faqlar qutab bi\u015firm\u0259, yuxa yayma, d&uuml;\u015fb\u0259r\u0259 b&uuml;km\u0259 qabiliyy\u0259tl\u0259rini n&uuml;mayi\u015f etdiribl\u0259r.<\/p>\n<p>Heyd\u0259r \u018fliyev Fondunun vitse-prezidenti xal&ccedil;a&ccedil;\u0131l\u0131q gu\u015f\u0259si il\u0259 tan\u0131\u015f olub, xal&ccedil;a toxuyan g\u0259ncl\u0259rl\u0259 s&ouml;hb\u0259t edib.<\/p>\n<p>Sonra konsert proqram\u0131 t\u0259qdim edilib. G&ouml;zd\u0259n \u0259lilliyi olan G&uuml;lnar R\u0259himova, Seymur \u018fliyev v\u0259 G&uuml;lnar Novruzova mahn\u0131lar ifa edib, sa\u011flaml\u0131q imkanlar\u0131 m\u0259hdud, el\u0259c\u0259 d\u0259 daun v\u0259 autizm sindromlu, hemofiliyal\u0131, dan\u0131\u015fma v\u0259 e\u015fitm\u0259 \u0259ng\u0259lli u\u015faqlardan ibar\u0259t r\u0259qs qruplar\u0131n\u0131n &ccedil;\u0131x\u0131\u015flar\u0131 olub.<\/p>\n<p>\u0130dman gu\u015f\u0259si il\u0259 tan\u0131\u015f olan Leyla \u018fliyeva burada Boccia \u0130dman Federasiyas\u0131n\u0131n idman&ccedil;\u0131lar\u0131 il\u0259 g&ouml;r&uuml;\u015f&uuml;b. Az\u0259rbaycanda boccia idman\u0131 Leyla \u018fliyevan\u0131n t\u0259\u015f\u0259bb&uuml;s&uuml; il\u0259 yarad\u0131laraq ild\u0259n-il\u0259 inki\u015faf edib. Bu idman n&ouml;v&uuml; &uuml;zr\u0259 milli komandam\u0131z beyn\u0259lxalq yar\u0131\u015flarda art\u0131q ilk q\u0259l\u0259b\u0259l\u0259r\u0259 imza at\u0131b.<\/p>\n<p>\u018flilliyi olan \u015f\u0259xsl\u0259r boccia, q\u0131l\u0131ncoynatma, parataekvondo, oxatma, g&uuml;ll\u0259 at\u0131c\u0131l\u0131\u011f\u0131 n&ouml;vl\u0259rind\u0259 &ouml;z m\u0259har\u0259tl\u0259rini g&ouml;st\u0259ribl\u0259r.<\/p>\n<p>Leyla \u018fliyeva idman&ccedil;\u0131lara yeni-yeni u\u011furlar arzulay\u0131b.<\/p>\n","protected":false},"excerpt":{"rendered":"<p>\u018fm\u0259k v\u0259 \u018fhalinin Sosial M&uuml;dafi\u0259si Nazirliyinin t\u0259\u015fkilat&ccedil;\u0131l\u0131\u011f\u0131 il\u0259 D\u0259nizk\u0259nar\u0131 Milli Parkda yerl\u0259\u015f\u0259n &ldquo;Elektra Events Hall&rdquo;da nazirliyin sosial m&uuml;\u0259ssis\u0259l\u0259rinin sakinl\u0259rinin, \u0259sas\u0259n sa\u011flaml\u0131q imkanlar\u0131 m\u0259hdud u\u015faq v\u0259 g\u0259ncl\u0259rin &ldquo;Bahar sevincl\u0259ri&rdquo; adl\u0131 s\u0259rgisi&hellip;<\/p>\n","protected":false},"author":1,"featured_media":251278,"comment_status":"open","ping_status":"open","sticky":false,"template":"","format":"standard","meta":{"_lmt_disableupdate":"","_lmt_disable":"","footnotes":""},"categories":[],"tags":[],"class_list":["post-78422","post","type-post","status-publish","format-standard","has-post-thumbnail","hentry"],"_links":{"self":[{"href":"https:\/\/ucnoqta.az\/index.php?rest_route=\/wp\/v2\/posts\/78422","targetHints":{"allow":["GET"]}}],"collection":[{"href":"https:\/\/ucnoqta.az\/index.php?rest_route=\/wp\/v2\/posts"}],"about":[{"href":"https:\/\/ucnoqta.az\/index.php?rest_route=\/wp\/v2\/types\/post"}],"author":[{"embeddable":true,"href":"https:\/\/ucnoqta.az\/index.php?rest_route=\/wp\/v2\/users\/1"}],"replies":[{"embeddable":true,"href":"https:\/\/ucnoqta.az\/index.php?rest_route=%2Fwp%2Fv2%2Fcomments&post=78422"}],"version-history":[{"count":0,"href":"https:\/\/ucnoqta.az\/index.php?rest_route=\/wp\/v2\/posts\/78422\/revisions"}],"wp:featuredmedia":[{"embeddable":true,"href":"https:\/\/ucnoqta.az\/index.php?rest_route=\/wp\/v2\/media\/251278"}],"wp:attachment":[{"href":"https:\/\/ucnoqta.az\/index.php?rest_route=%2Fwp%2Fv2%2Fmedia&parent=78422"}],"wp:term":[{"taxonomy":"category","embeddable":true,"href":"https:\/\/ucnoqta.az\/index.php?rest_route=%2Fwp%2Fv2%2Fcategories&post=78422"},{"taxonomy":"post_tag","embeddable":true,"href":"https:\/\/ucnoqta.az\/index.php?rest_route=%2Fwp%2Fv2%2Ftags&post=78422"}],"curies":[{"name":"wp","href":"https:\/\/api.w.org\/{rel}","templated":true}]}}