{"id":78418,"date":"2019-04-19T20:38:24","date_gmt":"2019-04-19T16:38:24","guid":{"rendered":""},"modified":"-0001-11-30T00:00:00","modified_gmt":"-0001-11-29T20:00:00","slug":"","status":"publish","type":"post","link":"https:\/\/ucnoqta.az\/?p=78418","title":{"rendered":"\u201cHe\u00e7 k\u0259s Yasin\u0259 56 min dollar pul verm\u0259y\u0259c\u0259k\u201d \u2013 <font color=red><b>Atas\u0131<\/b><\/font>"},"content":{"rendered":"<p><strong>AB\u015e-\u0131n bir &ccedil;ox universitetl\u0259rin\u0259 q\u0259bul alan Yasin Quliyevin atas\u0131 sosial \u015f\u0259b\u0259k\u0259l\u0259r v\u0259 b\u0259zi K\u0130V-l\u0259rd\u0259 yay\u0131lan m\u0259lumatlara ayd\u0131nl\u0131q g\u0259tirib.<\/strong><\/p>\n<p>G\u0259ncin atas\u0131 Yal&ccedil;\u0131n Quliyev Trend-\u0259 bildirib ki, o\u011flu saytlarda deyildiyi kimi, 56 min dollar t\u0259qa&uuml;d almayacaq. Y.Quliyevin s&ouml;zl\u0259rin\u0259 g&ouml;r\u0259, o\u011flu AB\u015e-\u0131n bir &ccedil;ox universitetl\u0259rind\u0259n q\u0259bul alsa da, T&uuml;rkiy\u0259ni se&ccedil;ib:<\/p>\n<p>&ldquo;Bu prosesl\u0259r bir g&uuml;n&uuml;n i&ccedil;ind\u0259 ba\u015f verm\u0259yib, Yasin xeyli m&uuml;dd\u0259tdir ki AB\u015e-dan q\u0259bul al\u0131b, o c&uuml;ml\u0259d\u0259n d\u0259 Bah&ccedil;e\u015fehir Universitetind\u0259 t\u0259hsil haqq\u0131ndan azad olunub. Ancaq biz d&uuml;\u015f&uuml;nd&uuml;k ki, o, T&uuml;rkiy\u0259nin Sabanc\u0131 universitetind\u0259 oxusun&rdquo;.<\/p>\n<p>O\u011flunun 56 min dollar t\u0259qa&uuml;d alaca\u011f\u0131 il\u0259 yay\u0131lan x\u0259b\u0259rl\u0259r\u0259 g\u0259ldikd\u0259 is\u0259, Y.Quliyev bunu t\u0259kzib edib:<\/p>\n<p>&ldquo;He&ccedil; k\u0259s Yasin\u0259 56 min dollar pul verm\u0259y\u0259c\u0259k. O\u011flumun ixtisas\u0131 &uuml;zr\u0259 (Komp&uuml;ter m&uuml;h\u0259ndisliyi) illik t\u0259hsil haqq\u0131 18 min dollard\u0131r. Universitet Yasini t\u0259hsil haqq\u0131ndan azad edib. &Ouml;d\u0259ni\u015f yaln\u0131z ya\u015fay\u0131\u015f &uuml;&ccedil;&uuml;n olacaq&rdquo;.<\/p>\n<p>Yasin Quliyev haz\u0131rda fizika-riyaziyyat t\u0259may&uuml;ll&uuml; m\u0259kt\u0259bd\u0259 oxuyur.<\/p>\n","protected":false},"excerpt":{"rendered":"<p>AB\u015e-\u0131n bir &ccedil;ox universitetl\u0259rin\u0259 q\u0259bul alan Yasin Quliyevin atas\u0131 sosial \u015f\u0259b\u0259k\u0259l\u0259r v\u0259 b\u0259zi K\u0130V-l\u0259rd\u0259 yay\u0131lan m\u0259lumatlara ayd\u0131nl\u0131q g\u0259tirib. G\u0259ncin atas\u0131 Yal&ccedil;\u0131n Quliyev Trend-\u0259 bildirib ki, o\u011flu saytlarda deyildiyi kimi, 56&hellip;<\/p>\n","protected":false},"author":1,"featured_media":251278,"comment_status":"open","ping_status":"open","sticky":false,"template":"","format":"standard","meta":{"_lmt_disableupdate":"","_lmt_disable":"","footnotes":""},"categories":[],"tags":[],"class_list":["post-78418","post","type-post","status-publish","format-standard","has-post-thumbnail","hentry"],"_links":{"self":[{"href":"https:\/\/ucnoqta.az\/index.php?rest_route=\/wp\/v2\/posts\/78418","targetHints":{"allow":["GET"]}}],"collection":[{"href":"https:\/\/ucnoqta.az\/index.php?rest_route=\/wp\/v2\/posts"}],"about":[{"href":"https:\/\/ucnoqta.az\/index.php?rest_route=\/wp\/v2\/types\/post"}],"author":[{"embeddable":true,"href":"https:\/\/ucnoqta.az\/index.php?rest_route=\/wp\/v2\/users\/1"}],"replies":[{"embeddable":true,"href":"https:\/\/ucnoqta.az\/index.php?rest_route=%2Fwp%2Fv2%2Fcomments&post=78418"}],"version-history":[{"count":0,"href":"https:\/\/ucnoqta.az\/index.php?rest_route=\/wp\/v2\/posts\/78418\/revisions"}],"wp:featuredmedia":[{"embeddable":true,"href":"https:\/\/ucnoqta.az\/index.php?rest_route=\/wp\/v2\/media\/251278"}],"wp:attachment":[{"href":"https:\/\/ucnoqta.az\/index.php?rest_route=%2Fwp%2Fv2%2Fmedia&parent=78418"}],"wp:term":[{"taxonomy":"category","embeddable":true,"href":"https:\/\/ucnoqta.az\/index.php?rest_route=%2Fwp%2Fv2%2Fcategories&post=78418"},{"taxonomy":"post_tag","embeddable":true,"href":"https:\/\/ucnoqta.az\/index.php?rest_route=%2Fwp%2Fv2%2Ftags&post=78418"}],"curies":[{"name":"wp","href":"https:\/\/api.w.org\/{rel}","templated":true}]}}