{"id":78417,"date":"2019-04-19T20:12:00","date_gmt":"2019-04-19T16:12:00","guid":{"rendered":""},"modified":"-0001-11-30T00:00:00","modified_gmt":"-0001-11-29T20:00:00","slug":"","status":"publish","type":"post","link":"https:\/\/ucnoqta.az\/?p=78417","title":{"rendered":"Ceyhun Bayramov: <font color=red><b>&#8220;\u015eagirdin \u00f6l\u00fcm\u00fc bizim \u00fc\u00e7\u00fcn sars\u0131d\u0131c\u0131 oldu\u201d<\/b><\/font>"},"content":{"rendered":"<p><strong>&ldquo;Bak\u0131da 162 m\u0259kt\u0259bd\u0259 ba\u015f vermi\u015f hadis\u0259 v\u0259 2 g&uuml;n sonra \u015fagirdin &ouml;l&uuml;m&uuml; bizim &uuml;&ccedil;&uuml;n sars\u0131d\u0131c\u0131 oldu&rdquo;.<\/strong><\/p>\n<p>Bunu t\u0259hsil naziri Ceyhun Bayramov &quot;ASAN&quot; radioya m&uuml;sahib\u0259sind\u0259 deyib.<\/p>\n<p>O bidlirib ki, bir ne&ccedil;\u0259 g&uuml;n &ouml;nc\u0259 Bak\u0131 \u015f\u0259h\u0259r m\u0259kt\u0259bl\u0259rinin direktorlar\u0131 il\u0259 iclas ke&ccedil;irilib:&nbsp;&ldquo;Hesab edir\u0259m ki, m\u0259kt\u0259b psixoloqu, sinif r\u0259hb\u0259rl\u0259ri f\u0259nn m&uuml;\u0259lliml\u0259ri f\u0259nl\u0259ri t\u0259dris etm\u0259kl\u0259 yana\u015f\u0131, \u015fagirdl\u0259rin psixoloji durumundan da x\u0259b\u0259rdar olmal\u0131d\u0131r. B&uuml;t&uuml;n bu i\u015fl\u0259r is\u0259 valideynl\u0259rl\u0259 \u0259laq\u0259li h\u0259yata ke&ccedil;irilm\u0259lidir. Valideyn h\u0259r zaman sinif r\u0259hb\u0259rl\u0259ri il\u0259, m&uuml;\u0259lliml\u0259ri il\u0259 \u0259laq\u0259d\u0259 olmal\u0131d\u0131r. M&uuml;\u0259llim d\u0259 valideyni tan\u0131mal\u0131d\u0131r&rdquo;.<\/p>\n<p>Nazir qeyd edib ki, y&uuml;ks\u0259k sosial risk faktoru olan \u015fagirdl\u0259r\u0259 x&uuml;susi diqq\u0259tin g&ouml;st\u0259rilm\u0259si vacibdir: &ldquo;B&uuml;t&uuml;n bunlar\u0131n edilm\u0259si &uuml;&ccedil;&uuml; m\u0259kt\u0259b kollektivi h\u0259r bir \u015fagirdi tan\u0131mal\u0131d\u0131r. D&uuml;zd&uuml;r, bu, &ccedil;\u0259tin prosesdir. Ancaq hesab edirik ki, valideynl\u0259rl\u0259 s\u0131x \u0259laq\u0259d\u0259 olmaqla bunlar\u0131 etm\u0259k m&uuml;mk&uuml;nd&uuml;r. Yax\u0131n vaxtlarda yeni normativl\u0259r d\u0259 q&uuml;vv\u0259y\u0259 min\u0259c\u0259k. &quot;Qaynar X\u0259tt&quot; yarad\u0131l\u0131r, &quot;M\u0259kt\u0259blinin dostu&quot; layih\u0259sinin geni\u015fl\u0259ndirilm\u0259si apar\u0131lacaq&rdquo;.\/ona<\/p>\n","protected":false},"excerpt":{"rendered":"<p>&ldquo;Bak\u0131da 162 m\u0259kt\u0259bd\u0259 ba\u015f vermi\u015f hadis\u0259 v\u0259 2 g&uuml;n sonra \u015fagirdin &ouml;l&uuml;m&uuml; bizim &uuml;&ccedil;&uuml;n sars\u0131d\u0131c\u0131 oldu&rdquo;. Bunu t\u0259hsil naziri Ceyhun Bayramov &quot;ASAN&quot; radioya m&uuml;sahib\u0259sind\u0259 deyib. O bidlirib ki, bir ne&ccedil;\u0259&hellip;<\/p>\n","protected":false},"author":1,"featured_media":251278,"comment_status":"open","ping_status":"open","sticky":false,"template":"","format":"standard","meta":{"_lmt_disableupdate":"","_lmt_disable":"","footnotes":""},"categories":[],"tags":[],"class_list":["post-78417","post","type-post","status-publish","format-standard","has-post-thumbnail","hentry"],"_links":{"self":[{"href":"https:\/\/ucnoqta.az\/index.php?rest_route=\/wp\/v2\/posts\/78417","targetHints":{"allow":["GET"]}}],"collection":[{"href":"https:\/\/ucnoqta.az\/index.php?rest_route=\/wp\/v2\/posts"}],"about":[{"href":"https:\/\/ucnoqta.az\/index.php?rest_route=\/wp\/v2\/types\/post"}],"author":[{"embeddable":true,"href":"https:\/\/ucnoqta.az\/index.php?rest_route=\/wp\/v2\/users\/1"}],"replies":[{"embeddable":true,"href":"https:\/\/ucnoqta.az\/index.php?rest_route=%2Fwp%2Fv2%2Fcomments&post=78417"}],"version-history":[{"count":0,"href":"https:\/\/ucnoqta.az\/index.php?rest_route=\/wp\/v2\/posts\/78417\/revisions"}],"wp:featuredmedia":[{"embeddable":true,"href":"https:\/\/ucnoqta.az\/index.php?rest_route=\/wp\/v2\/media\/251278"}],"wp:attachment":[{"href":"https:\/\/ucnoqta.az\/index.php?rest_route=%2Fwp%2Fv2%2Fmedia&parent=78417"}],"wp:term":[{"taxonomy":"category","embeddable":true,"href":"https:\/\/ucnoqta.az\/index.php?rest_route=%2Fwp%2Fv2%2Fcategories&post=78417"},{"taxonomy":"post_tag","embeddable":true,"href":"https:\/\/ucnoqta.az\/index.php?rest_route=%2Fwp%2Fv2%2Ftags&post=78417"}],"curies":[{"name":"wp","href":"https:\/\/api.w.org\/{rel}","templated":true}]}}