{"id":78413,"date":"2019-04-19T18:58:18","date_gmt":"2019-04-19T14:58:18","guid":{"rendered":""},"modified":"-0001-11-30T00:00:00","modified_gmt":"-0001-11-29T20:00:00","slug":"","status":"publish","type":"post","link":"https:\/\/ucnoqta.az\/?p=78413","title":{"rendered":"Ab\u015feronda t\u00f6r\u0259dilmi\u015f d\u0259h\u015f\u0259tli q\u0259tlin \u00fcst\u00fc a\u00e7\u0131l\u0131b- <font color=red><b>R\u0259smi<\/b><\/font>"},"content":{"rendered":"<p><strong>Polis v\u0259 prokurorluq orqanlar\u0131 \u0259m\u0259kda\u015flar\u0131n\u0131n h\u0259yata ke&ccedil;irdiyi z\u0259ruri v\u0259 t\u0259xir\u0259sal\u0131nmaz istintaq-\u0259m\u0259liyyat t\u0259dbirl\u0259ri n\u0259tic\u0259sind\u0259 Ab\u015feron rayonunda t&ouml;r\u0259dilmi\u015f q\u0259tlin &uuml;st&uuml; a&ccedil;\u0131l\u0131b<\/strong><\/p>\n<p>Ucnoqta.az x\u0259b\u0259r verir ki, Daxili \u0130\u015fl\u0259r Nazirliyi v\u0259 Ba\u015f Prokurorlu\u011fun m\u0259tbuat xidm\u0259tl\u0259rinin birg\u0259 m\u0259lumat\u0131nda bildirilir ki,&nbsp;Tamara R\u0259sulovan\u0131n, o\u011flu \u018fli R\u0259sulovun itkin d&uuml;\u015fm\u0259sini bildirm\u0259kl\u0259 tap\u0131lmas\u0131nda ona k&ouml;m\u0259klik g&ouml;st\u0259rilm\u0259si il\u0259 ba\u011fl\u0131 m&uuml;raci\u0259ti \u0259sas\u0131nda apar\u0131lan ara\u015fd\u0131rma zaman\u0131 \u018f.R\u0259sulovun q\u0259sd\u0259n &ouml;ld&uuml;r&uuml;lm\u0259sin\u0259, el\u0259c\u0259 d\u0259 ona m\u0259xsus \u0259mlak\u0131n d\u0259l\u0259duzluq yolu il\u0259 \u0259l\u0259 ke&ccedil;irilm\u0259sin\u0259 ehtimal etm\u0259y\u0259 kifay\u0259t q\u0259d\u0259r \u0259sasl\u0131 \u015f&uuml;bh\u0259l\u0259r oldu\u011fundan Ab\u015feron rayon prokurorlu\u011fu t\u0259r\u0259find\u0259n cinay\u0259t i\u015fi ba\u015flan\u0131laraq istintaq apar\u0131l\u0131b.<\/p>\n<p>Apar\u0131lm\u0131\u015f istintaqla Fuad Mustafayevin 2016-c\u0131 ilin sentyabr ay\u0131nda icar\u0259y\u0259 g&ouml;t&uuml;rd&uuml;y&uuml; paytaxt\u0131n Pir\u015fa\u011f\u0131 q\u0259s\u0259b\u0259sind\u0259 yerl\u0259\u015f\u0259n ba\u011f evind\u0259 \u018fli R\u0259sulovu ona m\u0259xsus \u0259mlak\u0131 sat\u0131b pulunu \u0259l\u0259 ke&ccedil;irm\u0259k &uuml;&ccedil;&uuml;n tamah niyy\u0259ti il\u0259 b\u0131&ccedil;aqla x\u0259sar\u0259tl\u0259r yetirib q\u0259sd\u0259n &ouml;ld&uuml;r\u0259r\u0259k cinay\u0259ti gizl\u0259tm\u0259k m\u0259qs\u0259dil\u0259 meyiti hiss\u0259l\u0259r\u0259 b&ouml;lm\u0259kl\u0259 sellofan torbaya b&uuml;k&uuml;b basd\u0131rmas\u0131na, daha sonra \u018f.R\u0259sulovun t\u0259k ya\u015fad\u0131\u011f\u0131 evind\u0259 olan m\u0259i\u015f\u0259t \u0259\u015fyalar\u0131n\u0131 satmas\u0131na, el\u0259c\u0259 d\u0259 evi h&uuml;quq ver\u0259n r\u0259smi s\u0259n\u0259dl\u0259ri saxtala\u015fd\u0131rmaqla d\u0259l\u0259duzluq yolu il\u0259 \u0259l\u0259 ke&ccedil;irm\u0259sin\u0259 \u0259sasl\u0131 \u015f&uuml;bh\u0259l\u0259r m&uuml;\u0259yy\u0259n edilib.<\/p>\n<p>17 aprel 2019-cu il tarixd\u0259 Fuad Mustafayev\u0259 Cinay\u0259t M\u0259c\u0259ll\u0259sinin 120.2.5 (tamah m\u0259qs\u0259di il\u0259 q\u0259sd\u0259n adam &ouml;ld&uuml;rm\u0259), 178.2.4 (d\u0259l\u0259duzluq, xeyli miqdarda ziyan vurmaqla t&ouml;r\u0259dildikd\u0259), 320.1 (r\u0259smi s\u0259n\u0259dl\u0259ri, d&ouml;vl\u0259t t\u0259ltifl\u0259rini, m&ouml;h&uuml;rl\u0259ri, \u015ftamplar\u0131, blanklar\u0131 saxtala\u015fd\u0131rma, qanunsuz haz\u0131rlama v\u0259 ya satma) v\u0259 320.2-ci (bil\u0259-bil\u0259 saxta s\u0259n\u0259dl\u0259rd\u0259n istifad\u0259 etm\u0259) madd\u0259l\u0259ri il\u0259 t\u0259qsirl\u0259ndiril\u0259n \u015f\u0259xs qismind\u0259 c\u0259lb edil\u0259r\u0259k ona h\u0259min madd\u0259l\u0259rl\u0259 ittiham elan edilib.<\/p>\n<p>Cinay\u0259t i\u015fi &uuml;zr\u0259 istintaq davam etdirilir.&nbsp;<\/p>\n<p>&nbsp;&nbsp;<\/p>\n","protected":false},"excerpt":{"rendered":"<p>Polis v\u0259 prokurorluq orqanlar\u0131 \u0259m\u0259kda\u015flar\u0131n\u0131n h\u0259yata ke&ccedil;irdiyi z\u0259ruri v\u0259 t\u0259xir\u0259sal\u0131nmaz istintaq-\u0259m\u0259liyyat t\u0259dbirl\u0259ri n\u0259tic\u0259sind\u0259 Ab\u015feron rayonunda t&ouml;r\u0259dilmi\u015f q\u0259tlin &uuml;st&uuml; a&ccedil;\u0131l\u0131b Ucnoqta.az x\u0259b\u0259r verir ki, Daxili \u0130\u015fl\u0259r Nazirliyi v\u0259 Ba\u015f Prokurorlu\u011fun m\u0259tbuat&hellip;<\/p>\n","protected":false},"author":1,"featured_media":251278,"comment_status":"open","ping_status":"open","sticky":false,"template":"","format":"standard","meta":{"_lmt_disableupdate":"","_lmt_disable":"","footnotes":""},"categories":[],"tags":[],"class_list":["post-78413","post","type-post","status-publish","format-standard","has-post-thumbnail","hentry"],"_links":{"self":[{"href":"https:\/\/ucnoqta.az\/index.php?rest_route=\/wp\/v2\/posts\/78413","targetHints":{"allow":["GET"]}}],"collection":[{"href":"https:\/\/ucnoqta.az\/index.php?rest_route=\/wp\/v2\/posts"}],"about":[{"href":"https:\/\/ucnoqta.az\/index.php?rest_route=\/wp\/v2\/types\/post"}],"author":[{"embeddable":true,"href":"https:\/\/ucnoqta.az\/index.php?rest_route=\/wp\/v2\/users\/1"}],"replies":[{"embeddable":true,"href":"https:\/\/ucnoqta.az\/index.php?rest_route=%2Fwp%2Fv2%2Fcomments&post=78413"}],"version-history":[{"count":0,"href":"https:\/\/ucnoqta.az\/index.php?rest_route=\/wp\/v2\/posts\/78413\/revisions"}],"wp:featuredmedia":[{"embeddable":true,"href":"https:\/\/ucnoqta.az\/index.php?rest_route=\/wp\/v2\/media\/251278"}],"wp:attachment":[{"href":"https:\/\/ucnoqta.az\/index.php?rest_route=%2Fwp%2Fv2%2Fmedia&parent=78413"}],"wp:term":[{"taxonomy":"category","embeddable":true,"href":"https:\/\/ucnoqta.az\/index.php?rest_route=%2Fwp%2Fv2%2Fcategories&post=78413"},{"taxonomy":"post_tag","embeddable":true,"href":"https:\/\/ucnoqta.az\/index.php?rest_route=%2Fwp%2Fv2%2Ftags&post=78413"}],"curies":[{"name":"wp","href":"https:\/\/api.w.org\/{rel}","templated":true}]}}