{"id":78411,"date":"2019-04-19T18:40:48","date_gmt":"2019-04-19T14:40:48","guid":{"rendered":""},"modified":"-0001-11-30T00:00:00","modified_gmt":"-0001-11-29T20:00:00","slug":"","status":"publish","type":"post","link":"https:\/\/ucnoqta.az\/?p=78411","title":{"rendered":"Rusiya il\u0259 \u0130ran aras\u0131nda <font color=red><b>\u015e\u0130DD\u018fTL\u0130 D\u00d6Y\u00dc\u015e<\/b><\/font> &#8211; \u00d6l\u00fc v\u0259 yaral\u0131lar var"},"content":{"rendered":"<p><strong>Suriyada B\u0259\u015f\u0259r \u018fs\u0259d rejimin\u0259 d\u0259st\u0259k ver\u0259n \u0130ran v\u0259 Rusiya q&uuml;vv\u0259l\u0259ri aras\u0131nda H\u0259l\u0259b v\u0259 Deyr \u0259z-Zor b&ouml;lg\u0259l\u0259rind\u0259 at\u0131\u015fma olub.<\/strong><\/p>\n<p>At\u0131\u015fma n\u0259tic\u0259sind\u0259 2 \u0130ran \u0259sg\u0259ri &ouml;l&uuml;b, 4 rus \u0259sg\u0259ri yaralan\u0131b. R\u0259smi a&ccedil;\u0131qlama verilm\u0259s\u0259 d\u0259, yerli m\u0259nb\u0259l\u0259r toqqu\u015fman\u0131n oldu\u011funu t\u0259sdiql\u0259yib.<\/p>\n<p>Qeyd ed\u0259k ki, yanvar ay\u0131nda Rusiyan\u0131n d\u0259st\u0259kl\u0259diyi &ldquo;Aslan g&uuml;cl\u0259rinin 5-ci birliyi&rdquo; il\u0259 B\u0259\u015f\u0259r \u018fs\u0259din qarda\u015f\u0131 Mahir \u018fs\u0259din r\u0259hb\u0259rlik etdiyi v\u0259 \u0130ran\u0131n d\u0259st\u0259kl\u0259diyi &ldquo;4-c&uuml; f\u0131rla&rdquo; aras\u0131nda \u015fidd\u0259tli d&ouml;y&uuml;\u015fl\u0259r ba\u015f vermi\u015fdi.\/publika.az<\/p>\n","protected":false},"excerpt":{"rendered":"<p>Suriyada B\u0259\u015f\u0259r \u018fs\u0259d rejimin\u0259 d\u0259st\u0259k ver\u0259n \u0130ran v\u0259 Rusiya q&uuml;vv\u0259l\u0259ri aras\u0131nda H\u0259l\u0259b v\u0259 Deyr \u0259z-Zor b&ouml;lg\u0259l\u0259rind\u0259 at\u0131\u015fma olub. At\u0131\u015fma n\u0259tic\u0259sind\u0259 2 \u0130ran \u0259sg\u0259ri &ouml;l&uuml;b, 4 rus \u0259sg\u0259ri yaralan\u0131b. R\u0259smi a&ccedil;\u0131qlama&hellip;<\/p>\n","protected":false},"author":1,"featured_media":251278,"comment_status":"open","ping_status":"open","sticky":false,"template":"","format":"standard","meta":{"_lmt_disableupdate":"","_lmt_disable":"","footnotes":""},"categories":[89],"tags":[],"class_list":["post-78411","post","type-post","status-publish","format-standard","has-post-thumbnail","hentry","category-dunya-butun-xeberler"],"_links":{"self":[{"href":"https:\/\/ucnoqta.az\/index.php?rest_route=\/wp\/v2\/posts\/78411","targetHints":{"allow":["GET"]}}],"collection":[{"href":"https:\/\/ucnoqta.az\/index.php?rest_route=\/wp\/v2\/posts"}],"about":[{"href":"https:\/\/ucnoqta.az\/index.php?rest_route=\/wp\/v2\/types\/post"}],"author":[{"embeddable":true,"href":"https:\/\/ucnoqta.az\/index.php?rest_route=\/wp\/v2\/users\/1"}],"replies":[{"embeddable":true,"href":"https:\/\/ucnoqta.az\/index.php?rest_route=%2Fwp%2Fv2%2Fcomments&post=78411"}],"version-history":[{"count":0,"href":"https:\/\/ucnoqta.az\/index.php?rest_route=\/wp\/v2\/posts\/78411\/revisions"}],"wp:featuredmedia":[{"embeddable":true,"href":"https:\/\/ucnoqta.az\/index.php?rest_route=\/wp\/v2\/media\/251278"}],"wp:attachment":[{"href":"https:\/\/ucnoqta.az\/index.php?rest_route=%2Fwp%2Fv2%2Fmedia&parent=78411"}],"wp:term":[{"taxonomy":"category","embeddable":true,"href":"https:\/\/ucnoqta.az\/index.php?rest_route=%2Fwp%2Fv2%2Fcategories&post=78411"},{"taxonomy":"post_tag","embeddable":true,"href":"https:\/\/ucnoqta.az\/index.php?rest_route=%2Fwp%2Fv2%2Ftags&post=78411"}],"curies":[{"name":"wp","href":"https:\/\/api.w.org\/{rel}","templated":true}]}}