{"id":78410,"date":"2019-04-19T18:19:37","date_gmt":"2019-04-19T14:19:37","guid":{"rendered":""},"modified":"-0001-11-30T00:00:00","modified_gmt":"-0001-11-29T20:00:00","slug":"","status":"publish","type":"post","link":"https:\/\/ucnoqta.az\/?p=78410","title":{"rendered":"Problemli krediti olanlara kompensasiyan\u0131n veril\u0259c\u0259yi tarix <font color=red><b>A\u00e7\u0131qland\u0131<\/b><\/font>"},"content":{"rendered":"<p><strong>Maliyy\u0259 Nazirliyi v\u0259 Maliyy\u0259 Bazarlar\u0131na N\u0259zar\u0259t Palatas\u0131n\u0131n (MBNP) fiziki \u015f\u0259xsl\u0259rin problemli kreditl\u0259ri il\u0259 ba\u011fl\u0131 birg\u0259 a&ccedil;\u0131qlama yay\u0131b.<\/strong><\/p>\n<p>MNBP-d\u0259n veril\u0259n m\u0259lumata g&ouml;r\u0259,&nbsp;Az\u0259rbaycan Respublikas\u0131 Prezidentinin 28 fevral 2019-cu il tarixli &ldquo;Az\u0259rbaycan Respublikas\u0131nda fiziki \u015f\u0259xsl\u0259rin problemli kreditl\u0259rinin h\u0259lli il\u0259 ba\u011fl\u0131 \u0259lav\u0259 t\u0259dbirl\u0259r haqq\u0131nda&rdquo; F\u0259rman\u0131n\u0131n icras\u0131 olaraq fiziki \u015f\u0259xsl\u0259rin xarici valyutada olan kreditl\u0259ri &uuml;zr\u0259 kompensasiyalar\u0131n verilm\u0259si il\u0259 ba\u011fl\u0131 haz\u0131rl\u0131q i\u015fl\u0259ri ba\u015fa &ccedil;atd\u0131r\u0131lm\u0131\u015fd\u0131r.&nbsp; &nbsp;<\/p>\n<p>Az\u0259rbaycan Respublikas\u0131n\u0131n Maliyy\u0259 Bazarlar\u0131na N\u0259zar\u0259t Palatas\u0131 kompensasiya &ouml;d\u0259ni\u015finin &uuml;mumi m\u0259bl\u0259\u011fini, &ouml;d\u0259ni\u015f edil\u0259c\u0259k fiziki \u015f\u0259xsl\u0259rin siyah\u0131s\u0131n\u0131 v\u0259 h\u0259r bir fiziki \u015f\u0259xs\u0259 &ouml;d\u0259nil\u0259c\u0259k v\u0259saitin m\u0259bl\u0259\u011fini m&uuml;\u0259yy\u0259n ed\u0259r\u0259k, h\u0259r bir kredit t\u0259\u015fkilat\u0131 v\u0259 l\u0259\u011fvetm\u0259 prosesind\u0259 olan kredit t\u0259\u015fkilat\u0131 &uuml;zr\u0259 ayr\u0131lacaq v\u0259saitin m\u0259bl\u0259\u011fi bar\u0259d\u0259 m\u0259lumat\u0131 Maliyy\u0259 Nazirliyin\u0259 v\u0259 M\u0259rk\u0259zi Banka t\u0259qdim etmi\u015fdir.<\/p>\n<p>Maliyy\u0259 Bazarlar\u0131na N\u0259zar\u0259t Palatas\u0131ndan t\u0259qdim edilmi\u015f siyah\u0131ya uy\u011fun olaraq Maliyy\u0259 Nazirliyi t\u0259r\u0259find\u0259n m&uuml;vafiq v\u0259saitl\u0259rin kredit t\u0259\u015fkilatlar\u0131n\u0131n (bank olmayan kredit t\u0259\u015fkilatlar\u0131 istisna olmaqla), l\u0259\u011fvetm\u0259 prosesind\u0259 olan banklar\u0131n v\u0259 po&ccedil;t rabit\u0259sinin milli operatorunun M\u0259rk\u0259zi Bankdak\u0131 hesablar\u0131na, bank olmayan kredit t\u0259\u015fkilatlar\u0131n\u0131n, habel\u0259 l\u0259\u011fvetm\u0259 prosesind\u0259 olan bank olmayan kredit t\u0259\u015fkilatlar\u0131n\u0131n is\u0259 po&ccedil;t rabit\u0259sinin milli operatorunda olan hesablar\u0131na k&ouml;&ccedil;&uuml;r&uuml;lm\u0259sin\u0259 19 aprel 2019-cu il tarixind\u0259n ba\u015flan\u0131lm\u0131\u015fd\u0131r.<\/p>\n<p>Kompensasiya alacaq \u015f\u0259xsl\u0259rin say\u0131 602.347 n\u0259f\u0259r t\u0259\u015fkil edir. H\u0259min \u015f\u0259xsl\u0259rin say\u0131n\u0131n v\u0259 h\u0259yata ke&ccedil;iril\u0259c\u0259k bank \u0259m\u0259liyyatlar\u0131n\u0131n h\u0259cminin &ccedil;oxlu\u011funu n\u0259z\u0259r\u0259 alaraq kompensasiya verilm\u0259si prosesinin optimal t\u0259\u015fkili m\u0259qs\u0259dil\u0259 Maliyy\u0259 Nazirliyi t\u0259r\u0259find\u0259n kredit t\u0259\u015fkilatlar\u0131na v\u0259saitl\u0259rin k&ouml;&ccedil;&uuml;r&uuml;lm\u0259si m\u0259rh\u0259l\u0259li \u015f\u0259kild\u0259 Maliyy\u0259 Bazarlar\u0131na N\u0259zar\u0259t Palatas\u0131 il\u0259 raz\u0131la\u015fd\u0131r\u0131lmaqla h\u0259yata ke&ccedil;iril\u0259c\u0259kdir.&nbsp; &nbsp;&nbsp;<\/p>\n<p>22 aprel 2019-cu il tarixind\u0259n kredit t\u0259\u015fkilatlar\u0131 v\u0259 po&ccedil;t rabit\u0259si milli operatoru v\u0259t\u0259nda\u015flara kompensasiya &ouml;d\u0259ni\u015fl\u0259rinin verilm\u0259sin\u0259 ba\u015flayacaqd\u0131r.<br \/>\nB&uuml;t&uuml;n &ouml;d\u0259ni\u015fl\u0259rin yuxar\u0131da qeyd olunan F\u0259rmana uy\u011fun olaraq cari ilin may ay\u0131nda yekunla\u015fd\u0131r\u0131lmas\u0131 planla\u015fd\u0131r\u0131l\u0131r.<\/p>\n","protected":false},"excerpt":{"rendered":"<p>Maliyy\u0259 Nazirliyi v\u0259 Maliyy\u0259 Bazarlar\u0131na N\u0259zar\u0259t Palatas\u0131n\u0131n (MBNP) fiziki \u015f\u0259xsl\u0259rin problemli kreditl\u0259ri il\u0259 ba\u011fl\u0131 birg\u0259 a&ccedil;\u0131qlama yay\u0131b. MNBP-d\u0259n veril\u0259n m\u0259lumata g&ouml;r\u0259,&nbsp;Az\u0259rbaycan Respublikas\u0131 Prezidentinin 28 fevral 2019-cu il tarixli &ldquo;Az\u0259rbaycan Respublikas\u0131nda&hellip;<\/p>\n","protected":false},"author":1,"featured_media":251278,"comment_status":"open","ping_status":"open","sticky":false,"template":"","format":"standard","meta":{"_lmt_disableupdate":"","_lmt_disable":"","footnotes":""},"categories":[],"tags":[],"class_list":["post-78410","post","type-post","status-publish","format-standard","has-post-thumbnail","hentry"],"_links":{"self":[{"href":"https:\/\/ucnoqta.az\/index.php?rest_route=\/wp\/v2\/posts\/78410","targetHints":{"allow":["GET"]}}],"collection":[{"href":"https:\/\/ucnoqta.az\/index.php?rest_route=\/wp\/v2\/posts"}],"about":[{"href":"https:\/\/ucnoqta.az\/index.php?rest_route=\/wp\/v2\/types\/post"}],"author":[{"embeddable":true,"href":"https:\/\/ucnoqta.az\/index.php?rest_route=\/wp\/v2\/users\/1"}],"replies":[{"embeddable":true,"href":"https:\/\/ucnoqta.az\/index.php?rest_route=%2Fwp%2Fv2%2Fcomments&post=78410"}],"version-history":[{"count":0,"href":"https:\/\/ucnoqta.az\/index.php?rest_route=\/wp\/v2\/posts\/78410\/revisions"}],"wp:featuredmedia":[{"embeddable":true,"href":"https:\/\/ucnoqta.az\/index.php?rest_route=\/wp\/v2\/media\/251278"}],"wp:attachment":[{"href":"https:\/\/ucnoqta.az\/index.php?rest_route=%2Fwp%2Fv2%2Fmedia&parent=78410"}],"wp:term":[{"taxonomy":"category","embeddable":true,"href":"https:\/\/ucnoqta.az\/index.php?rest_route=%2Fwp%2Fv2%2Fcategories&post=78410"},{"taxonomy":"post_tag","embeddable":true,"href":"https:\/\/ucnoqta.az\/index.php?rest_route=%2Fwp%2Fv2%2Ftags&post=78410"}],"curies":[{"name":"wp","href":"https:\/\/api.w.org\/{rel}","templated":true}]}}