{"id":78407,"date":"2019-04-19T16:52:59","date_gmt":"2019-04-19T12:52:59","guid":{"rendered":""},"modified":"-0001-11-30T00:00:00","modified_gmt":"-0001-11-29T20:00:00","slug":"","status":"publish","type":"post","link":"https:\/\/ucnoqta.az\/?p=78407","title":{"rendered":"R\u0259\u015fadla R\u00fcf\u0259t m\u0259hk\u0259m\u0259y\u0259 g\u0259lm\u0259di"},"content":{"rendered":"<p><strong>&ldquo;Space&rdquo;&nbsp;televiziyas\u0131n\u0131n efirind\u0259 i\u015fl\u0259tdiyi ifad\u0259l\u0259r\u0259 g&ouml;r\u0259 x&uuml;susi ittiham qaydas\u0131nda m\u0259hk\u0259m\u0259y\u0259 veril\u0259n m&uuml;\u011f\u0259nni R&uuml;f\u0259t Axundov v\u0259 R\u0259\u015fad \u0130lyasovun cinay\u0259t i\u015fi &uuml;zr\u0259 haz\u0131rl\u0131q iclas\u0131 ke&ccedil;irilib.<\/strong>&nbsp;<\/p>\n<p>Oxu.Az-\u0131n x\u0259b\u0259rin\u0259 g&ouml;r\u0259, Yasamal Rayon M\u0259hk\u0259m\u0259sind\u0259 hakim H&uuml;seyn S\u0259f\u0259rovun s\u0259drliyi il\u0259 ke&ccedil;iril\u0259n prosesd\u0259 m&uuml;\u011f\u0259nnil\u0259rin m\u0259hk\u0259m\u0259y\u0259 g\u0259lm\u0259diyi elan edilib.<\/p>\n<p>Onlar\u0131 n&uuml;may\u0259nd\u0259 kimi v\u0259kill\u0259ri \u0259v\u0259z edib.<\/p>\n<p>Proses may\u0131n 1-d\u0259 davam etdiril\u0259c\u0259k.<\/p>\n<p>Qeyd ed\u0259k ki, \u015fikay\u0259td\u0259 h\u0259r iki m&uuml;\u011f\u0259nninin Cinay\u0259t M\u0259c\u0259ll\u0259sinin 148 (T\u0259hqir, y\u0259ni k&uuml;tl\u0259vi &ccedil;\u0131x\u0131\u015flarda, k&uuml;tl\u0259vi n&uuml;mayi\u015f etdiril\u0259n \u0259s\u0259rd\u0259 v\u0259 ya k&uuml;tl\u0259vi informasiya vasit\u0259sind\u0259 \u015f\u0259xsiyy\u0259tin \u015f\u0259r\u0259f v\u0259 l\u0259yaq\u0259tini nalayiq formada q\u0259sd\u0259n al&ccedil;altma) madd\u0259sinin sanksiyas\u0131 &ccedil;\u0259r&ccedil;iv\u0259sind\u0259 c\u0259zalanmas\u0131 t\u0259l\u0259b edilir.<\/p>\n<p>Xat\u0131rladaq ki, Milli Televiziya v\u0259 Radio \u015euras\u0131n\u0131n (MTR\u015e) m\u0259lumat\u0131na \u0259sas\u0259n, &ldquo;Space&rdquo; TV-d\u0259 &ldquo;H\u0259r s\u0259h\u0259r&rdquo; verili\u015find\u0259 m&uuml;\u011f\u0259nni R&uuml;f\u0259t Axundov mahn\u0131 oxuyark\u0259n d\u0259f\u0259l\u0259rl\u0259 qeyri-etik ifad\u0259l\u0259rd\u0259n istifad\u0259 edib. Kanal\u0131n efirind\u0259 getmi\u015f \u0259d\u0259bsiz s&ouml;z v\u0259 ifad\u0259l\u0259r \u015eura t\u0259r\u0259find\u0259n apar\u0131lan monitorinql\u0259r zaman\u0131 a\u015fkar olunub.<\/p>\n<p>MTR\u015e aprelin 5-d\u0259 kanal r\u0259hb\u0259rliyinin i\u015ftirak\u0131 il\u0259 \u0130nzibati X\u0259talar M\u0259c\u0259ll\u0259sin\u0259 uy\u011fun olaraq, 5-8 min manat c\u0259rim\u0259 olunmas\u0131na dair protokol t\u0259rtib edib. H\u0259m&ccedil;inin, televiziya v\u0259 radio r\u0259hb\u0259rl\u0259rin\u0259 \u015fifahi x\u0259b\u0259rdarl\u0131q edil\u0259r\u0259k ki, R.Axundovun efir\u0259 &ccedil;\u0131xmas\u0131na m\u0259hdudiyy\u0259t qoyulub.<\/p>\n<p>Bundan sonra MTR\u015e televiziya bar\u0259d\u0259 \u0130nzibati X\u0259talar M\u0259c\u0259ll\u0259sin 384.0.1-ci (televiziya v\u0259 radio yay\u0131m\u0131 haqq\u0131nda qanunvericiliyin pozulmas\u0131, yetkinlik ya\u015f\u0131na &ccedil;atmayanlar\u0131n fiziki, \u0259qli v\u0259 m\u0259n\u0259vi inki\u015faf\u0131na ziyan vura bil\u0259n v\u0259 kodsuz yay\u0131mlanan, o c&uuml;ml\u0259d\u0259n, erotikan\u0131 v\u0259 q\u0259ddarl\u0131\u011f\u0131 \u0259ks etdir\u0259n proqramlar &uuml;&ccedil;&uuml;n m&uuml;\u0259yy\u0259n edilmi\u015f x&uuml;susi qaydalar\u0131n pozulmas\u0131na) madd\u0259si il\u0259 protokol t\u0259rtib edib v\u0259 inzibati qaydada m\u0259hk\u0259m\u0259y\u0259 m&uuml;raci\u0259t edib.<\/p>\n<p>M\u0259hk\u0259m\u0259nin bax\u0131\u015f iclas\u0131 Yasamal Rayon M\u0259hk\u0259m\u0259sind\u0259 aprelin 24-n\u0259 t\u0259yin edilib.<\/p>\n","protected":false},"excerpt":{"rendered":"<p>&ldquo;Space&rdquo;&nbsp;televiziyas\u0131n\u0131n efirind\u0259 i\u015fl\u0259tdiyi ifad\u0259l\u0259r\u0259 g&ouml;r\u0259 x&uuml;susi ittiham qaydas\u0131nda m\u0259hk\u0259m\u0259y\u0259 veril\u0259n m&uuml;\u011f\u0259nni R&uuml;f\u0259t Axundov v\u0259 R\u0259\u015fad \u0130lyasovun cinay\u0259t i\u015fi &uuml;zr\u0259 haz\u0131rl\u0131q iclas\u0131 ke&ccedil;irilib.&nbsp; Oxu.Az-\u0131n x\u0259b\u0259rin\u0259 g&ouml;r\u0259, Yasamal Rayon M\u0259hk\u0259m\u0259sind\u0259 hakim H&uuml;seyn&hellip;<\/p>\n","protected":false},"author":1,"featured_media":251278,"comment_status":"open","ping_status":"open","sticky":false,"template":"","format":"standard","meta":{"_lmt_disableupdate":"","_lmt_disable":"","footnotes":""},"categories":[],"tags":[],"class_list":["post-78407","post","type-post","status-publish","format-standard","has-post-thumbnail","hentry"],"_links":{"self":[{"href":"https:\/\/ucnoqta.az\/index.php?rest_route=\/wp\/v2\/posts\/78407","targetHints":{"allow":["GET"]}}],"collection":[{"href":"https:\/\/ucnoqta.az\/index.php?rest_route=\/wp\/v2\/posts"}],"about":[{"href":"https:\/\/ucnoqta.az\/index.php?rest_route=\/wp\/v2\/types\/post"}],"author":[{"embeddable":true,"href":"https:\/\/ucnoqta.az\/index.php?rest_route=\/wp\/v2\/users\/1"}],"replies":[{"embeddable":true,"href":"https:\/\/ucnoqta.az\/index.php?rest_route=%2Fwp%2Fv2%2Fcomments&post=78407"}],"version-history":[{"count":0,"href":"https:\/\/ucnoqta.az\/index.php?rest_route=\/wp\/v2\/posts\/78407\/revisions"}],"wp:featuredmedia":[{"embeddable":true,"href":"https:\/\/ucnoqta.az\/index.php?rest_route=\/wp\/v2\/media\/251278"}],"wp:attachment":[{"href":"https:\/\/ucnoqta.az\/index.php?rest_route=%2Fwp%2Fv2%2Fmedia&parent=78407"}],"wp:term":[{"taxonomy":"category","embeddable":true,"href":"https:\/\/ucnoqta.az\/index.php?rest_route=%2Fwp%2Fv2%2Fcategories&post=78407"},{"taxonomy":"post_tag","embeddable":true,"href":"https:\/\/ucnoqta.az\/index.php?rest_route=%2Fwp%2Fv2%2Ftags&post=78407"}],"curies":[{"name":"wp","href":"https:\/\/api.w.org\/{rel}","templated":true}]}}