{"id":78406,"date":"2019-04-19T16:43:33","date_gmt":"2019-04-19T12:43:33","guid":{"rendered":""},"modified":"-0001-11-30T00:00:00","modified_gmt":"-0001-11-29T20:00:00","slug":"","status":"publish","type":"post","link":"https:\/\/ucnoqta.az\/?p=78406","title":{"rendered":"Bin\u0259d\u0259ki q\u0259zaya g\u00f6r\u0259 h\u0259bs olunanlar\u0131n m\u0259hk\u0259m\u0259si: <font color=red><b>s\u00fcr\u00fcc\u00fc preparat q\u0259bul edibmi\u015f<\/b><\/font>"},"content":{"rendered":"<p><strong>Bu g\u00fcn Bak\u0131\u00a0A\u011f\u0131r Cinay\u0259tl\u0259r M\u0259hk\u0259m\u0259sind\u0259 qatarla avtobusun toqqu\u015fmas\u0131 fakt\u0131na g\u00f6r\u0259 dispet\u00e7er\u00a0M\u00fcbariz F\u0259r\u0259cov\u00a0v\u0259 s\u00fcr\u00fcc\u00fc\u00a0\u018flixan \u015eir\u0259liyevin cinay\u0259t i\u015fi \u00fczr\u0259 m\u0259hk\u0259m\u0259 iclas\u0131 davam etdirilib.<\/strong><\/p>\n<p>Hakim\u00a0Az\u0259r Pa\u015fayevin s\u0259drliyi il\u0259 ke\u00e7iril\u0259n prosesd\u0259 d\u00f6vl\u0259t ittiham\u00e7\u0131s\u0131 ittiham akt\u0131n\u0131 elan edib.<\/p>\n<p>Elan olunmu\u015f ittiham \u00fczr\u0259 \u018f.\u015eir\u0259liyev \u00f6z\u00fcn\u00fc qism\u0259n t\u0259qsirli bilib, M.F\u0259r\u0259cov is\u0259 \u00f6z\u00fcn\u00fc g\u00fcnahkar bilm\u0259diyini s\u00f6yl\u0259yib.<\/p>\n<p>Daha sonra s\u0259rb\u0259st ifad\u0259 ver\u0259n \u018f.\u015eir\u0259liyev deyib ki, Bin\u0259 q\u0259s\u0259b\u0259sind\u0259n ke\u00e7\u0259n d\u0259miryolundak\u0131 \u015flaqban a\u00e7\u0131q olub &#8220;H\u0259min vaxt qatar\u0131 g\u00f6rm\u00fcrd\u00fcm. Art\u0131q avtobus qatara d\u0259y\u0259nd\u0259 is\u0259 bunu hiss etdim. Hadis\u0259 zaman\u0131 qolu s\u0131nm\u0131\u015fd\u0131, tez camaat\u0131 d\u00fc\u015f\u00fcrm\u0259y\u0259 ba\u015flad\u0131m&#8221;.<\/p>\n<p>Prokuror qeyd edib ki, ekspertizan\u0131n r\u0259yin\u0259 \u0259sas\u0259n, hadis\u0259 g\u00fcn\u00fc \u018f.\u015eir\u0259liyev intoksikasiya yaradan preparat q\u0259bul edib.<\/p>\n<p>\u018f.\u015eir\u0259liyev is\u0259 bu r\u0259yl\u0259 raz\u0131la\u015fm\u0131y\u0131b.<\/p>\n<p>M\u0259hk\u0259m\u0259d\u0259 elan olunub ki, s\u00fcr\u00fcc\u00fc \u018f.\u015eir\u0259liyev yol-n\u0259qliyyat hadis\u0259si il\u0259 ba\u011fl\u0131 daha \u0259vv\u0259ll\u0259r d\u0259 cinay\u0259t m\u0259nsuliyy\u0259tin\u0259 c\u0259lb edilib.<\/p>\n<p>Dig\u0259r t\u0259qsirl\u0259ndiril\u0259n dispe\u00e7er M.F\u0259r\u0259cov is\u0259 s\u0259hh\u0259tind\u0259 problem oldu\u011fundan ifad\u0259 verm\u0259k \u00fc\u00e7\u00fcn m\u0259hk\u0259m\u0259d\u0259n vaxt ist\u0259yib.<\/p>\n<p>M\u0259hk\u0259m\u0259nin n\u00f6vb\u0259ti iclas\u0131\u00a0aprelin 30-na\u00a0t\u0259yin edilib.<\/p>\n<p>Qeyd ed\u0259k ki, \u00f6t\u0259n il oktyabr\u0131n 1-i saat 14:30 rad\u0259l\u0259rind\u0259 paytaxt\u0131n X\u0259z\u0259r rayonu, Bin\u0259 q\u0259s\u0259b\u0259sind\u0259 qorunan d\u0259mir yolu ke\u00e7idind\u0259 y\u00fck qatar\u0131 il\u0259 \u018f.\u015eir\u0259liyevin 160 n\u00f6mr\u0259li mar\u015frut \u00fczr\u0259 idar\u0259 etdiyi &#8220;Ay\u015f\u0259n LTD&#8221; MMC-y\u0259 m\u0259xsus &#8220;Daewoo&#8221; markal\u0131 10-TG-106 d\u00f6vl\u0259t qeydiyyat ni\u015fanl\u0131 s\u0259rni\u015fin avtobusunun toqqu\u015fmas\u0131 n\u0259tic\u0259sind\u0259 2006-ci il t\u0259v\u0259ll\u00fcdl\u00fc\u00a0Dada\u015fzad\u0259 Yusif Tahir o\u011flu\u00a0v\u0259 1962-ci il t\u0259v\u0259ll\u00fcdl\u00fc\u00a0\u018fliyev \u015eakir P\u0259nah o\u011flu\u00a0v\u0259fat edib, 40 s\u0259rni\u015fin is\u0259 m\u00fcxt\u0259lif d\u0259r\u0259c\u0259li b\u0259d\u0259n x\u0259sar\u0259tl\u0259ri al\u0131b.<\/p>\n<p>Daha sonra dispe\u00e7er M.F\u0259r\u0259cov da saxlan\u0131l\u0131b, bar\u0259sind\u0259 ev dustaql\u0131\u011f\u0131 q\u0259timkan t\u0259dbiri se\u00e7ilib.<\/p>\n<p>Cinay\u0259t i\u015find\u0259\u00a038 z\u0259r\u0259r\u00e7\u0259kmi\u015f\u00a0var.\/report<\/p>\n<p>\u00a0<\/p>\n","protected":false},"excerpt":{"rendered":"<p>Bu g\u00fcn Bak\u0131\u00a0A\u011f\u0131r Cinay\u0259tl\u0259r M\u0259hk\u0259m\u0259sind\u0259 qatarla avtobusun toqqu\u015fmas\u0131 fakt\u0131na g\u00f6r\u0259 dispet\u00e7er\u00a0M\u00fcbariz F\u0259r\u0259cov\u00a0v\u0259 s\u00fcr\u00fcc\u00fc\u00a0\u018flixan \u015eir\u0259liyevin cinay\u0259t i\u015fi \u00fczr\u0259 m\u0259hk\u0259m\u0259 iclas\u0131 davam etdirilib. Hakim\u00a0Az\u0259r Pa\u015fayevin s\u0259drliyi il\u0259 ke\u00e7iril\u0259n prosesd\u0259 d\u00f6vl\u0259t ittiham\u00e7\u0131s\u0131 ittiham&hellip;<\/p>\n","protected":false},"author":1,"featured_media":251278,"comment_status":"open","ping_status":"open","sticky":false,"template":"","format":"standard","meta":{"_lmt_disableupdate":"","_lmt_disable":"","footnotes":""},"categories":[],"tags":[],"class_list":["post-78406","post","type-post","status-publish","format-standard","has-post-thumbnail","hentry"],"_links":{"self":[{"href":"https:\/\/ucnoqta.az\/index.php?rest_route=\/wp\/v2\/posts\/78406","targetHints":{"allow":["GET"]}}],"collection":[{"href":"https:\/\/ucnoqta.az\/index.php?rest_route=\/wp\/v2\/posts"}],"about":[{"href":"https:\/\/ucnoqta.az\/index.php?rest_route=\/wp\/v2\/types\/post"}],"author":[{"embeddable":true,"href":"https:\/\/ucnoqta.az\/index.php?rest_route=\/wp\/v2\/users\/1"}],"replies":[{"embeddable":true,"href":"https:\/\/ucnoqta.az\/index.php?rest_route=%2Fwp%2Fv2%2Fcomments&post=78406"}],"version-history":[{"count":0,"href":"https:\/\/ucnoqta.az\/index.php?rest_route=\/wp\/v2\/posts\/78406\/revisions"}],"wp:featuredmedia":[{"embeddable":true,"href":"https:\/\/ucnoqta.az\/index.php?rest_route=\/wp\/v2\/media\/251278"}],"wp:attachment":[{"href":"https:\/\/ucnoqta.az\/index.php?rest_route=%2Fwp%2Fv2%2Fmedia&parent=78406"}],"wp:term":[{"taxonomy":"category","embeddable":true,"href":"https:\/\/ucnoqta.az\/index.php?rest_route=%2Fwp%2Fv2%2Fcategories&post=78406"},{"taxonomy":"post_tag","embeddable":true,"href":"https:\/\/ucnoqta.az\/index.php?rest_route=%2Fwp%2Fv2%2Ftags&post=78406"}],"curies":[{"name":"wp","href":"https:\/\/api.w.org\/{rel}","templated":true}]}}