{"id":78400,"date":"2019-04-19T14:43:54","date_gmt":"2019-04-19T10:43:54","guid":{"rendered":""},"modified":"-0001-11-30T00:00:00","modified_gmt":"-0001-11-29T20:00:00","slug":"","status":"publish","type":"post","link":"https:\/\/ucnoqta.az\/?p=78400","title":{"rendered":"Rusiyada tan\u0131nm\u0131\u015f v\u0259kili \u00f6ld\u00fcr\u0259n az\u0259rbaycanl\u0131ya 12 il i\u015f verildi"},"content":{"rendered":"<p><strong>Ukraynan\u0131n Xarkov \u015f\u0259h\u0259rind\u0259 tan\u0131nm\u0131\u015f v\u0259kil Viktor Laykonu q\u0259tl\u0259 yetir\u0259n Az\u0259rbaycan v\u0259t\u0259nda\u015f\u0131na h&ouml;km oxunub.<\/strong><\/p>\n<p>&ldquo;Qafqazinfo&rdquo;nun &ldquo;Politeka&rdquo; sayt\u0131na istinad\u0259n verdiyi x\u0259b\u0259r\u0259 g&ouml;r\u0259, \u015f&uuml;bh\u0259li \u015f\u0259xs 12 il m&uuml;dd\u0259tin\u0259 azadl\u0131qdan m\u0259hrum edilib.<\/p>\n<p>Qeyd ed\u0259k ki, hadis\u0259 14 mart 2016-c\u0131 ild\u0259 ba\u015f verib. Q\u0259tli iki n\u0259f\u0259r t&ouml;r\u0259dib ki, onlardan biri d\u0259 v\u0259kill\u0259 tan\u0131\u015f olub.<\/p>\n<p>Onlar cinay\u0259t hadis\u0259sini planl\u0131 \u015f\u0259kild\u0259 h\u0259yata ke&ccedil;iribl\u0259r. Bel\u0259 ki, m\u0259rhumun evin\u0259 g\u0259ldikd\u0259n sonra tan\u0131\u015f \u015f\u0259xs v\u0259kilin boynundan, dig\u0259ri is\u0259 qollar\u0131ndan tutaraq onu bo\u011fublar.<\/p>\n<p>Daha sonra&nbsp; onlar evd\u0259n 350 min qriven miqdar\u0131nda zin\u0259t \u0259\u015fyalar\u0131, fotoaparat, mobil telefon v\u0259 dig\u0259r \u0259\u015fyalar\u0131 o\u011furlayaraq hadis\u0259 yerind\u0259n qa&ccedil;\u0131blar.<\/p>\n<p>Az\u0259rbaycanl\u0131 \u015f\u0259xs h\u0259min ilin aprelind\u0259 Kiyevd\u0259 saxlan\u0131l\u0131b. Onun evind\u0259 v\u0259kil\u0259 m\u0259xsus o\u011furlanm\u0131\u015f \u0259\u015fyalar tap\u0131l\u0131b. Q\u0259tlin ikinci i\u015ftirak&ccedil;\u0131s\u0131, 30 ya\u015fl\u0131 ki\u015fi is\u0259 Odessa \u015f\u0259h\u0259rind\u0259 &ouml;l&uuml; \u015f\u0259kild\u0259 tap\u0131l\u0131b.<\/p>\n<p>M\u0259hk\u0259m\u0259 icraat\u0131 zaman\u0131 az\u0259rbaycanl\u0131n\u0131n g&uuml;nah\u0131 tamamil\u0259 s&uuml;but olunub. Xarkov \u015f\u0259h\u0259rinin Cerjinski rayon m\u0259hk\u0259m\u0259si 27 ya\u015fl\u0131 Az\u0259rbaycan v\u0259t\u0259nda\u015f\u0131n\u0131 q\u0259sd\u0259n adam &ouml;ld&uuml;rm\u0259d\u0259 t\u0259qsirli bil\u0259r\u0259k 12 il i\u015f verib.<\/p>\n","protected":false},"excerpt":{"rendered":"<p>Ukraynan\u0131n Xarkov \u015f\u0259h\u0259rind\u0259 tan\u0131nm\u0131\u015f v\u0259kil Viktor Laykonu q\u0259tl\u0259 yetir\u0259n Az\u0259rbaycan v\u0259t\u0259nda\u015f\u0131na h&ouml;km oxunub. &ldquo;Qafqazinfo&rdquo;nun &ldquo;Politeka&rdquo; sayt\u0131na istinad\u0259n verdiyi x\u0259b\u0259r\u0259 g&ouml;r\u0259, \u015f&uuml;bh\u0259li \u015f\u0259xs 12 il m&uuml;dd\u0259tin\u0259 azadl\u0131qdan m\u0259hrum edilib. Qeyd ed\u0259k&hellip;<\/p>\n","protected":false},"author":1,"featured_media":251278,"comment_status":"open","ping_status":"open","sticky":false,"template":"","format":"standard","meta":{"_lmt_disableupdate":"","_lmt_disable":"","footnotes":""},"categories":[],"tags":[],"class_list":["post-78400","post","type-post","status-publish","format-standard","has-post-thumbnail","hentry"],"_links":{"self":[{"href":"https:\/\/ucnoqta.az\/index.php?rest_route=\/wp\/v2\/posts\/78400","targetHints":{"allow":["GET"]}}],"collection":[{"href":"https:\/\/ucnoqta.az\/index.php?rest_route=\/wp\/v2\/posts"}],"about":[{"href":"https:\/\/ucnoqta.az\/index.php?rest_route=\/wp\/v2\/types\/post"}],"author":[{"embeddable":true,"href":"https:\/\/ucnoqta.az\/index.php?rest_route=\/wp\/v2\/users\/1"}],"replies":[{"embeddable":true,"href":"https:\/\/ucnoqta.az\/index.php?rest_route=%2Fwp%2Fv2%2Fcomments&post=78400"}],"version-history":[{"count":0,"href":"https:\/\/ucnoqta.az\/index.php?rest_route=\/wp\/v2\/posts\/78400\/revisions"}],"wp:featuredmedia":[{"embeddable":true,"href":"https:\/\/ucnoqta.az\/index.php?rest_route=\/wp\/v2\/media\/251278"}],"wp:attachment":[{"href":"https:\/\/ucnoqta.az\/index.php?rest_route=%2Fwp%2Fv2%2Fmedia&parent=78400"}],"wp:term":[{"taxonomy":"category","embeddable":true,"href":"https:\/\/ucnoqta.az\/index.php?rest_route=%2Fwp%2Fv2%2Fcategories&post=78400"},{"taxonomy":"post_tag","embeddable":true,"href":"https:\/\/ucnoqta.az\/index.php?rest_route=%2Fwp%2Fv2%2Ftags&post=78400"}],"curies":[{"name":"wp","href":"https:\/\/api.w.org\/{rel}","templated":true}]}}