{"id":78399,"date":"2019-04-19T14:46:50","date_gmt":"2019-04-19T10:46:50","guid":{"rendered":""},"modified":"-0001-11-30T00:00:00","modified_gmt":"-0001-11-29T20:00:00","slug":"","status":"publish","type":"post","link":"https:\/\/ucnoqta.az\/?p=78399","title":{"rendered":"<b>Bak\u0131da d\u0259nizd\u0259n qad\u0131n meyiti tap\u0131l\u0131b<font color=red> &#8211; FOTO<\/font><\/b>"},"content":{"rendered":"<p><strong>Aprelin 17-d\u0259 X\u0259z\u0259r rayonunun M\u0259rd\u0259kan q\u0259s\u0259b\u0259si \u0259razisind\u0259 d\u0259nizd\u0259n &uuml;z\u0259rind\u0259 zorak\u0131l\u0131q \u0259lam\u0259tl\u0259ri olmayan 25-35 ya\u015flar\u0131nda nam\u0259lum qad\u0131n meyiti tap\u0131l\u0131b.<\/strong><\/p>\n<p>D\u0130N-in m\u0259tbuat xidm\u0259tind\u0259n Ucnoqta.az-a veril\u0259n m\u0259lumata g&ouml;r\u0259, meyitin xarakterik \u0259lam\u0259tl\u0259rin\u0259 g\u0259linc\u0259, boyu 159-santimetr, orta b\u0259d\u0259n qurulu\u015flu, sa&ccedil;lar\u0131n\u0131n r\u0259ngi qarad\u0131r.<\/p>\n<p>A\u011f\u0131z bo\u015flu\u011funda alt v\u0259 &uuml;st &ccedil;\u0259n\u0259sinin h\u0259r birind\u0259 4 \u0259d\u0259d sar\u0131 metaldan haz\u0131rlanan di\u015fl\u0259ri var. Meyit tap\u0131lan zaman \u0259ynind\u0259 idman &uuml;slubunda tikil\u0259n qara \u015falvar, qara uzunbo\u011faz yun k&ouml;yn\u0259k, aya\u011f\u0131nda q\u0131rm\u0131z\u0131 r\u0259ngli ayaqqab\u0131 olub.<\/p>\n<p>\u015e\u0259xsiyy\u0259ti m\u0259lum olmayan \u015f\u0259kild\u0259 g&ouml;rd&uuml;y&uuml;n&uuml;z qad\u0131n\u0131 tan\u0131yanlardan v\u0259 bar\u0259sind\u0259 m\u0259lumat\u0131 olanlardan D\u0130N-in &ldquo;102&rdquo; Z\u0259ng M\u0259rk\u0259zin\u0259, N\u0259qliyyatda Ba\u015f Polis \u0130dar\u0259si Su N\u0259qliyyat\u0131nda Polis \u0130dar\u0259sin\u0259 (012) 433-38-02, (012) 433-38-12, h\u0259m&ccedil;inin 050-200-58-08 telefon n&ouml;mr\u0259l\u0259rin\u0259 z\u0259ng vuraraq m\u0259lumat verm\u0259l\u0259ri xahi\u015f olunur.<\/p>\n","protected":false},"excerpt":{"rendered":"<p>Aprelin 17-d\u0259 X\u0259z\u0259r rayonunun M\u0259rd\u0259kan q\u0259s\u0259b\u0259si \u0259razisind\u0259 d\u0259nizd\u0259n &uuml;z\u0259rind\u0259 zorak\u0131l\u0131q \u0259lam\u0259tl\u0259ri olmayan 25-35 ya\u015flar\u0131nda nam\u0259lum qad\u0131n meyiti tap\u0131l\u0131b. D\u0130N-in m\u0259tbuat xidm\u0259tind\u0259n Ucnoqta.az-a veril\u0259n m\u0259lumata g&ouml;r\u0259, meyitin xarakterik \u0259lam\u0259tl\u0259rin\u0259 g\u0259linc\u0259, boyu&hellip;<\/p>\n","protected":false},"author":1,"featured_media":251278,"comment_status":"open","ping_status":"open","sticky":false,"template":"","format":"standard","meta":{"_lmt_disableupdate":"","_lmt_disable":"","footnotes":""},"categories":[],"tags":[],"class_list":["post-78399","post","type-post","status-publish","format-standard","has-post-thumbnail","hentry"],"_links":{"self":[{"href":"https:\/\/ucnoqta.az\/index.php?rest_route=\/wp\/v2\/posts\/78399","targetHints":{"allow":["GET"]}}],"collection":[{"href":"https:\/\/ucnoqta.az\/index.php?rest_route=\/wp\/v2\/posts"}],"about":[{"href":"https:\/\/ucnoqta.az\/index.php?rest_route=\/wp\/v2\/types\/post"}],"author":[{"embeddable":true,"href":"https:\/\/ucnoqta.az\/index.php?rest_route=\/wp\/v2\/users\/1"}],"replies":[{"embeddable":true,"href":"https:\/\/ucnoqta.az\/index.php?rest_route=%2Fwp%2Fv2%2Fcomments&post=78399"}],"version-history":[{"count":0,"href":"https:\/\/ucnoqta.az\/index.php?rest_route=\/wp\/v2\/posts\/78399\/revisions"}],"wp:featuredmedia":[{"embeddable":true,"href":"https:\/\/ucnoqta.az\/index.php?rest_route=\/wp\/v2\/media\/251278"}],"wp:attachment":[{"href":"https:\/\/ucnoqta.az\/index.php?rest_route=%2Fwp%2Fv2%2Fmedia&parent=78399"}],"wp:term":[{"taxonomy":"category","embeddable":true,"href":"https:\/\/ucnoqta.az\/index.php?rest_route=%2Fwp%2Fv2%2Fcategories&post=78399"},{"taxonomy":"post_tag","embeddable":true,"href":"https:\/\/ucnoqta.az\/index.php?rest_route=%2Fwp%2Fv2%2Ftags&post=78399"}],"curies":[{"name":"wp","href":"https:\/\/api.w.org\/{rel}","templated":true}]}}