{"id":78398,"date":"2019-04-19T14:28:43","date_gmt":"2019-04-19T10:28:43","guid":{"rendered":""},"modified":"-0001-11-30T00:00:00","modified_gmt":"-0001-11-29T20:00:00","slug":"","status":"publish","type":"post","link":"https:\/\/ucnoqta.az\/?p=78398","title":{"rendered":"<b><font color=red>Park edilmi\u015f 3 n\u0259qliyyat vasit\u0259si yand\u0131: <\/font>ikisi k\u00fcl\u0259 d\u00f6nd\u00fc<font color=red> &#8211; FOTO<\/font><\/b>"},"content":{"rendered":"<p>T&uuml;rkiy\u0259nin \u0130stanbul \u015f\u0259h\u0259rind\u0259 park edilmi\u015f 3 n\u0259qliyyat vasit\u0259si yan\u0131b.<\/p>\n<p>Ucnoqta.az yerli m\u0259tbuata istinad\u0259n x\u0259b\u0259r verir ki, hadis\u0259 \u0130&ccedil;\u0259r\u0259nk&ouml;y m\u0259h\u0259ll\u0259sind\u0259 qeyd\u0259 al\u0131n\u0131b.<\/p>\n<p>Bilinm\u0259y\u0259n s\u0259b\u0259bl\u0259rd\u0259n mikroavtobusdan ba\u015flayan yan\u011f\u0131n q\u0131sa m&uuml;dd\u0259t \u0259rzind\u0259 yan\u0131nda daynam\u0131\u015f dig\u0259r n\u0259qliyyat vasit\u0259l\u0259rin\u0259 d\u0259 ke&ccedil;ib.<\/p>\n<p>Yan\u011f\u0131n\u0131 g&ouml;r\u0259n \u0259trafdak\u0131 v\u0259t\u0259nda\u015flar d\u0259rhal yan\u011f\u0131ns&ouml;nd&uuml;rm\u0259 briqadalar\u0131na x\u0259b\u0259r veribl\u0259r.<\/p>\n<p>Hadis\u0259 yerin\u0259 g\u0259l\u0259n yan\u011f\u0131ns&ouml;nd&uuml;r\u0259nl\u0259r yan\u011f\u0131n\u0131 s&ouml;nd&uuml;r&uuml;bl\u0259r.<\/p>\n<p>Yan\u011f\u0131nda 2 mikroavtobus b&uuml;t&uuml;nl&uuml;kl\u0259, avtomobild\u0259 is\u0259 az bir hiss\u0259si yan\u0131b.<\/p>\n<p>Hadis\u0259d\u0259 &ouml;l\u0259n v\u0259 ya x\u0259sar\u0259t alan olmay\u0131b. Lakin, ma\u015f\u0131nlara ciddi ziyan d\u0259yib.<\/p>\n<p>&nbsp;<\/p>\n<p><strong>Namiq<\/strong><\/p>\n<p><img decoding=\"async\" alt=\"\u0130\u00e7erenk\u00f6y\u2019de 3 ara\u00e7 cay\u0131r cay\u0131r yand\u0131\" src=\"http:\/\/www.malatyaguncel.com\/d\/other\/2019\/04\/19\/icerenkoy-mahallesinde-park-halinde-bulunan-3-arac-alevlere-teslim.jpg\" \/><\/p>\n<p><img decoding=\"async\" alt=\"\u0130\u00e7erenk\u00f6y\u2019de 3 ara\u00e7 cay\u0131r cay\u0131r yand\u0131\" src=\"http:\/\/www.malatyaguncel.com\/d\/other\/2019\/04\/19\/icerenkoy-mahallesinde-park-halinde-bulunan-3-arac-alevlere-teslim-001.jpg\" \/><\/p>\n","protected":false},"excerpt":{"rendered":"<p>T&uuml;rkiy\u0259nin \u0130stanbul \u015f\u0259h\u0259rind\u0259 park edilmi\u015f 3 n\u0259qliyyat vasit\u0259si yan\u0131b. Ucnoqta.az yerli m\u0259tbuata istinad\u0259n x\u0259b\u0259r verir ki, hadis\u0259 \u0130&ccedil;\u0259r\u0259nk&ouml;y m\u0259h\u0259ll\u0259sind\u0259 qeyd\u0259 al\u0131n\u0131b. Bilinm\u0259y\u0259n s\u0259b\u0259bl\u0259rd\u0259n mikroavtobusdan ba\u015flayan yan\u011f\u0131n q\u0131sa m&uuml;dd\u0259t \u0259rzind\u0259 yan\u0131nda&hellip;<\/p>\n","protected":false},"author":1,"featured_media":251278,"comment_status":"open","ping_status":"open","sticky":false,"template":"","format":"standard","meta":{"_lmt_disableupdate":"","_lmt_disable":"","footnotes":""},"categories":[],"tags":[],"class_list":["post-78398","post","type-post","status-publish","format-standard","has-post-thumbnail","hentry"],"_links":{"self":[{"href":"https:\/\/ucnoqta.az\/index.php?rest_route=\/wp\/v2\/posts\/78398","targetHints":{"allow":["GET"]}}],"collection":[{"href":"https:\/\/ucnoqta.az\/index.php?rest_route=\/wp\/v2\/posts"}],"about":[{"href":"https:\/\/ucnoqta.az\/index.php?rest_route=\/wp\/v2\/types\/post"}],"author":[{"embeddable":true,"href":"https:\/\/ucnoqta.az\/index.php?rest_route=\/wp\/v2\/users\/1"}],"replies":[{"embeddable":true,"href":"https:\/\/ucnoqta.az\/index.php?rest_route=%2Fwp%2Fv2%2Fcomments&post=78398"}],"version-history":[{"count":0,"href":"https:\/\/ucnoqta.az\/index.php?rest_route=\/wp\/v2\/posts\/78398\/revisions"}],"wp:featuredmedia":[{"embeddable":true,"href":"https:\/\/ucnoqta.az\/index.php?rest_route=\/wp\/v2\/media\/251278"}],"wp:attachment":[{"href":"https:\/\/ucnoqta.az\/index.php?rest_route=%2Fwp%2Fv2%2Fmedia&parent=78398"}],"wp:term":[{"taxonomy":"category","embeddable":true,"href":"https:\/\/ucnoqta.az\/index.php?rest_route=%2Fwp%2Fv2%2Fcategories&post=78398"},{"taxonomy":"post_tag","embeddable":true,"href":"https:\/\/ucnoqta.az\/index.php?rest_route=%2Fwp%2Fv2%2Ftags&post=78398"}],"curies":[{"name":"wp","href":"https:\/\/api.w.org\/{rel}","templated":true}]}}