{"id":78386,"date":"2019-04-19T12:22:58","date_gmt":"2019-04-19T08:22:58","guid":{"rendered":""},"modified":"-0001-11-30T00:00:00","modified_gmt":"-0001-11-29T20:00:00","slug":"","status":"publish","type":"post","link":"https:\/\/ucnoqta.az\/?p=78386","title":{"rendered":"Hac\u0131bala Abutal\u0131bovun daha bir kadr\u0131 i\u015fd\u0259n \u00e7\u0131xar\u0131ld\u0131"},"content":{"rendered":"<p><strong>D&ouml;vl\u0259t \u015e\u0259h\u0259rsalma v\u0259 Arxitektura Komit\u0259sinin s\u0259dri&nbsp;Samir Nuriyev&nbsp;r\u0259isin v\u0259zif\u0259sini ki&ccedil;ildib.<\/strong><\/p>\n<p>Unikal.org-un \u0259ld\u0259 etdiyi m\u0259lumata g&ouml;r\u0259, Samir Nuriyevin \u0259mri il\u0259&nbsp;Akif Abdullayev&nbsp;D&ouml;vl\u0259t \u015e\u0259h\u0259rsalma v\u0259 Arxitektura Komit\u0259si yan\u0131nda Bak\u0131 \u015e\u0259h\u0259r Memarl\u0131q v\u0259 \u015e\u0259h\u0259rsalma Ba\u015f \u0130dar\u0259sinin r\u0259isi v\u0259zif\u0259sind\u0259n azad olunaraq, idar\u0259 r\u0259isinin birinci m&uuml;avini v\u0259zif\u0259sin\u0259 t\u0259yin edilib. \u0130dar\u0259nin r\u0259is v\u0259zif\u0259sinin icras\u0131 is\u0259 Anar Quliyev\u0259 tap\u015f\u0131r\u0131l\u0131b.<\/p>\n<p>X\u0259b\u0259ri D&ouml;vl\u0259t \u015e\u0259h\u0259rsalma v\u0259 Arxitektura Komit\u0259si yan\u0131nda Bak\u0131 \u015e\u0259h\u0259r Memarl\u0131q v\u0259 \u015e\u0259h\u0259rsalma Ba\u015f \u0130dar\u0259sind\u0259n t\u0259sdiql\u0259yibl\u0259r.<br \/>\nQeyd ed\u0259k ki, bir m&uuml;dd\u0259t &ouml;nc\u0259 \u015e\u0259h\u0259r \u0130cra Hakimiyy\u0259ti Ba\u015f&ccedil;\u0131s\u0131 Aparat\u0131n\u0131n Memarl\u0131q v\u0259 \u015e\u0259h\u0259rsalma Ba\u015f \u0130dar\u0259si prezident&nbsp;\u0130lham \u018fliyevin&nbsp;f\u0259rman\u0131 il\u0259 D&ouml;vl\u0259t \u015e\u0259h\u0259rsalma v\u0259 Arxitektura Komit\u0259sinin balans\u0131na daxil edilib.<\/p>\n<p>Hac\u0131bala Abutal\u0131bovun meriyaya r\u0259hb\u0259rlik etdiyi ill\u0259rd\u0259 Akif Abdullayev uzun m&uuml;dd\u0259t Bak\u0131 \u015e\u0259h\u0259r \u0130cra Hakimiyy\u0259ti Ba\u015f&ccedil;\u0131s\u0131 Aparat\u0131n\u0131n Memarl\u0131q v\u0259 \u015e\u0259h\u0259rsalma Ba\u015f \u0130dar\u0259sinin r\u0259is \u0259v\u0259zi v\u0259 r\u0259isi olub.<br \/>\n&nbsp;<\/p>\n","protected":false},"excerpt":{"rendered":"<p>D&ouml;vl\u0259t \u015e\u0259h\u0259rsalma v\u0259 Arxitektura Komit\u0259sinin s\u0259dri&nbsp;Samir Nuriyev&nbsp;r\u0259isin v\u0259zif\u0259sini ki&ccedil;ildib. Unikal.org-un \u0259ld\u0259 etdiyi m\u0259lumata g&ouml;r\u0259, Samir Nuriyevin \u0259mri il\u0259&nbsp;Akif Abdullayev&nbsp;D&ouml;vl\u0259t \u015e\u0259h\u0259rsalma v\u0259 Arxitektura Komit\u0259si yan\u0131nda Bak\u0131 \u015e\u0259h\u0259r Memarl\u0131q v\u0259 \u015e\u0259h\u0259rsalma Ba\u015f&hellip;<\/p>\n","protected":false},"author":1,"featured_media":251278,"comment_status":"open","ping_status":"open","sticky":false,"template":"","format":"standard","meta":{"_lmt_disableupdate":"","_lmt_disable":"","footnotes":""},"categories":[],"tags":[],"class_list":["post-78386","post","type-post","status-publish","format-standard","has-post-thumbnail","hentry"],"_links":{"self":[{"href":"https:\/\/ucnoqta.az\/index.php?rest_route=\/wp\/v2\/posts\/78386","targetHints":{"allow":["GET"]}}],"collection":[{"href":"https:\/\/ucnoqta.az\/index.php?rest_route=\/wp\/v2\/posts"}],"about":[{"href":"https:\/\/ucnoqta.az\/index.php?rest_route=\/wp\/v2\/types\/post"}],"author":[{"embeddable":true,"href":"https:\/\/ucnoqta.az\/index.php?rest_route=\/wp\/v2\/users\/1"}],"replies":[{"embeddable":true,"href":"https:\/\/ucnoqta.az\/index.php?rest_route=%2Fwp%2Fv2%2Fcomments&post=78386"}],"version-history":[{"count":0,"href":"https:\/\/ucnoqta.az\/index.php?rest_route=\/wp\/v2\/posts\/78386\/revisions"}],"wp:featuredmedia":[{"embeddable":true,"href":"https:\/\/ucnoqta.az\/index.php?rest_route=\/wp\/v2\/media\/251278"}],"wp:attachment":[{"href":"https:\/\/ucnoqta.az\/index.php?rest_route=%2Fwp%2Fv2%2Fmedia&parent=78386"}],"wp:term":[{"taxonomy":"category","embeddable":true,"href":"https:\/\/ucnoqta.az\/index.php?rest_route=%2Fwp%2Fv2%2Fcategories&post=78386"},{"taxonomy":"post_tag","embeddable":true,"href":"https:\/\/ucnoqta.az\/index.php?rest_route=%2Fwp%2Fv2%2Ftags&post=78386"}],"curies":[{"name":"wp","href":"https:\/\/api.w.org\/{rel}","templated":true}]}}