{"id":78381,"date":"2019-04-19T11:51:15","date_gmt":"2019-04-19T07:51:15","guid":{"rendered":""},"modified":"-0001-11-30T00:00:00","modified_gmt":"-0001-11-29T20:00:00","slug":"","status":"publish","type":"post","link":"https:\/\/ucnoqta.az\/?p=78381","title":{"rendered":"<font color=red><b>X\u0130N<\/b><\/font>: Erm\u0259nistan r\u0259hb\u0259rliyi anlamal\u0131d\u0131r ki, m\u00f6vcud status-kvo h\u0259mi\u015f\u0259lik davam ed\u0259 bilm\u0259z"},"content":{"rendered":"<p><strong>&quot;Erm\u0259nistan-Az\u0259rbaycan Da\u011fl\u0131q Qaraba\u011f m&uuml;naqi\u015f\u0259sinin s&uuml;lh yolu il\u0259 h\u0259llin\u0259 dair Az\u0259rbaycan xarici i\u015fl\u0259r nazirinin erm\u0259ni t\u0259r\u0259fi v\u0259\/v\u0259 ya AT\u018fT-in Minsk Qrupunun h\u0259ms\u0259dl\u0259ri il\u0259 ke&ccedil;iril\u0259c\u0259k g&ouml;r&uuml;\u015fl\u0259r v\u0259 at\u0131lacaq add\u0131mlara dair \u015f\u0259rhl\u0259ri &ldquo;3+2&rdquo; format\u0131nda q\u0259bul edilmi\u015f birg\u0259 b\u0259yanatlara tam uy\u011fun olaraq edilir&quot;. <\/strong><\/p>\n<p>X\u0130N-d\u0259n Ucnoqta.az-a veril\u0259n m\u0259lumata g&ouml;r\u0259, bunu Az\u0259rbaycan Xarici \u0130\u015fl\u0259r Nazirliyinin (X\u0130N) m\u0259tbuat katibi Leyla Abdullayeva deyib. Onun s&ouml;zl\u0259rin\u0259 g&ouml;r\u0259, s&ouml;z&uuml;ged\u0259n b\u0259yanatlar is\u0259 a&ccedil;\u0131q \u015f\u0259kild\u0259 iki &ouml;lk\u0259 \u0259halisinin s&uuml;lh\u0259 haz\u0131rlanmas\u0131 z\u0259rur\u0259tini d\u0259st\u0259kl\u0259yir.<\/p>\n<p>&quot;Erm\u0259nistan r\u0259hb\u0259rliyi anlamal\u0131d\u0131r ki, m&ouml;vcud status-kvo q\u0259buledilm\u0259zdir, dayan\u0131ql\u0131 deyildir v\u0259 bu proses h\u0259mi\u015f\u0259lik davam ed\u0259 bilm\u0259z. Biz Erm\u0259nistan Xarici \u0130\u015fl\u0259r Nazirliyini &ldquo;3+2&rdquo; format\u0131nda q\u0259bul edilmi\u015f b\u0259yanatlara qo\u015fulma\u011fa v\u0259 daha praqmatik olma\u011fa, el\u0259c\u0259 d\u0259 AT\u018fT-in Minsk Qrupunun h\u0259ms\u0259drl\u0259rinin f\u0259aliyy\u0259tin\u0259 etimad g&ouml;st\u0259rm\u0259y\u0259 v\u0259 d\u0259st\u0259k n&uuml;mayi\u015f etdirm\u0259y\u0259 d\u0259v\u0259t edirik.<\/p>\n<p>\u018fg\u0259r Erm\u0259nistan t\u0259r\u0259fi etimad quruculu\u011fundan v\u0259 dan\u0131\u015f\u0131qlarda s\u0259mimiyy\u0259tin yarad\u0131lmas\u0131ndan b\u0259hs edirs\u0259, o zaman Az\u0259rbaycan t\u0259r\u0259find\u0259 oldu\u011fu kimi onlar da qar\u015f\u0131l\u0131ql\u0131 etimad\u0131n yarad\u0131lmas\u0131na &ccedil;al\u0131\u015fmal\u0131 v\u0259 buna uy\u011fun \u015f\u0259rhl\u0259r verm\u0259lidirl\u0259r. Eyni zamanda, onlar regionda s&uuml;lh, sabitlik v\u0259 rifah\u0131n yarad\u0131lmas\u0131 istiqam\u0259tind\u0259ki s\u0259yl\u0259r\u0259 qo\u015fulmal\u0131d\u0131rlar&quot;- X\u0130N r\u0259smisi bildirib.<\/p>\n","protected":false},"excerpt":{"rendered":"<p>&quot;Erm\u0259nistan-Az\u0259rbaycan Da\u011fl\u0131q Qaraba\u011f m&uuml;naqi\u015f\u0259sinin s&uuml;lh yolu il\u0259 h\u0259llin\u0259 dair Az\u0259rbaycan xarici i\u015fl\u0259r nazirinin erm\u0259ni t\u0259r\u0259fi v\u0259\/v\u0259 ya AT\u018fT-in Minsk Qrupunun h\u0259ms\u0259dl\u0259ri il\u0259 ke&ccedil;iril\u0259c\u0259k g&ouml;r&uuml;\u015fl\u0259r v\u0259 at\u0131lacaq add\u0131mlara dair \u015f\u0259rhl\u0259ri &ldquo;3+2&rdquo;&hellip;<\/p>\n","protected":false},"author":1,"featured_media":251278,"comment_status":"open","ping_status":"open","sticky":false,"template":"","format":"standard","meta":{"_lmt_disableupdate":"","_lmt_disable":"","footnotes":""},"categories":[86],"tags":[],"class_list":["post-78381","post","type-post","status-publish","format-standard","has-post-thumbnail","hentry","category-siyaset"],"_links":{"self":[{"href":"https:\/\/ucnoqta.az\/index.php?rest_route=\/wp\/v2\/posts\/78381","targetHints":{"allow":["GET"]}}],"collection":[{"href":"https:\/\/ucnoqta.az\/index.php?rest_route=\/wp\/v2\/posts"}],"about":[{"href":"https:\/\/ucnoqta.az\/index.php?rest_route=\/wp\/v2\/types\/post"}],"author":[{"embeddable":true,"href":"https:\/\/ucnoqta.az\/index.php?rest_route=\/wp\/v2\/users\/1"}],"replies":[{"embeddable":true,"href":"https:\/\/ucnoqta.az\/index.php?rest_route=%2Fwp%2Fv2%2Fcomments&post=78381"}],"version-history":[{"count":0,"href":"https:\/\/ucnoqta.az\/index.php?rest_route=\/wp\/v2\/posts\/78381\/revisions"}],"wp:featuredmedia":[{"embeddable":true,"href":"https:\/\/ucnoqta.az\/index.php?rest_route=\/wp\/v2\/media\/251278"}],"wp:attachment":[{"href":"https:\/\/ucnoqta.az\/index.php?rest_route=%2Fwp%2Fv2%2Fmedia&parent=78381"}],"wp:term":[{"taxonomy":"category","embeddable":true,"href":"https:\/\/ucnoqta.az\/index.php?rest_route=%2Fwp%2Fv2%2Fcategories&post=78381"},{"taxonomy":"post_tag","embeddable":true,"href":"https:\/\/ucnoqta.az\/index.php?rest_route=%2Fwp%2Fv2%2Ftags&post=78381"}],"curies":[{"name":"wp","href":"https:\/\/api.w.org\/{rel}","templated":true}]}}