{"id":78352,"date":"2019-04-18T19:40:39","date_gmt":"2019-04-18T15:40:39","guid":{"rendered":""},"modified":"-0001-11-30T00:00:00","modified_gmt":"-0001-11-29T20:00:00","slug":"","status":"publish","type":"post","link":"https:\/\/ucnoqta.az\/?p=78352","title":{"rendered":"\u201cG\u00fcnahs\u0131z G\u00fcnahkarlar\u201d 6 rayonda n\u00fcmayi\u015f olunub- <font color=red><b>Foto<\/b><\/font>"},"content":{"rendered":"<p><strong>&nbsp;G\u0259ncl\u0259r v\u0259 \u0130dman Nazirliyinin t\u0259\u015f\u0259bb&uuml;s&uuml; v\u0259 t\u0259\u015fkilat&ccedil;\u0131l\u0131\u011f\u0131 il\u0259 Bak\u0131 \u015e\u0259h\u0259r M\u0259d\u0259niyy\u0259t v\u0259 Turizm Ba\u015f \u0130dar\u0259sinin \u015f\u0259b\u0259k\u0259sind\u0259 olan Bak\u0131 U\u015faq Teatr\u0131 &ldquo;G&uuml;nahs\u0131z G&uuml;nahkarlar&rdquo; tama\u015fas\u0131 il\u0259 qastrol s\u0259f\u0259rind\u0259dir. <\/strong><\/p>\n<p>Ucnoqta.az x\u0259b\u0259r verir ki, \u0259s\u0259rd\u0259 qlobal problem olan insan alverin\u0259 qar\u015f\u0131 maarifl\u0259nm\u0259 m&uuml;bariz\u0259 formas\u0131 kimi qabard\u0131l\u0131r. B&ouml;y&uuml;kl\u0259r &uuml;&ccedil;&uuml;n n\u0259z\u0259rd\u0259 tutulan tama\u015fan\u0131n m&uuml;dd\u0259ti 1 saat 10 d\u0259qiq\u0259dir.<br \/>\nRollar\u0131 Bak\u0131 U\u015faq Teatr\u0131n\u0131n aktyorlar\u0131 ifa edirl\u0259r.<\/p>\n<p>\u018fs\u0259rin m&uuml;\u0259llifi Arzu Soltan, tama\u015fan\u0131n qurulu\u015f&ccedil;u rejissoru \u0259m\u0259kdar artist \u0130ntiqam Soltan, r\u0259ssam Sevda M\u0259mm\u0259dova, b\u0259st\u0259kar Mahir \u0130brahim, musiqi t\u0259rtibat\u0131 Rauf H&uuml;seynli, r\u04d9qsl\u04d9rin qurulu\u015f&ccedil;usu K&ouml;n&uuml;l \u015eahbazovad\u0131r.<\/p>\n<p>Tama\u015fan\u0131n 15-18 aprel tarixl\u0259rind\u0259 Qobustan, \u0130smay\u0131ll\u0131, \u015eamax\u0131, G&ouml;y&ccedil;ay, A\u011fda\u015f, Q\u0259b\u0259l\u0259 rayonlar\u0131nda n&uuml;mayi\u015f olunub.<\/p>\n","protected":false},"excerpt":{"rendered":"<p>&nbsp;G\u0259ncl\u0259r v\u0259 \u0130dman Nazirliyinin t\u0259\u015f\u0259bb&uuml;s&uuml; v\u0259 t\u0259\u015fkilat&ccedil;\u0131l\u0131\u011f\u0131 il\u0259 Bak\u0131 \u015e\u0259h\u0259r M\u0259d\u0259niyy\u0259t v\u0259 Turizm Ba\u015f \u0130dar\u0259sinin \u015f\u0259b\u0259k\u0259sind\u0259 olan Bak\u0131 U\u015faq Teatr\u0131 &ldquo;G&uuml;nahs\u0131z G&uuml;nahkarlar&rdquo; tama\u015fas\u0131 il\u0259 qastrol s\u0259f\u0259rind\u0259dir. Ucnoqta.az x\u0259b\u0259r verir ki,&hellip;<\/p>\n","protected":false},"author":1,"featured_media":251278,"comment_status":"open","ping_status":"open","sticky":false,"template":"","format":"standard","meta":{"_lmt_disableupdate":"","_lmt_disable":"","footnotes":""},"categories":[102],"tags":[],"class_list":["post-78352","post","type-post","status-publish","format-standard","has-post-thumbnail","hentry","category-medeniyyet-butun-xeberler"],"_links":{"self":[{"href":"https:\/\/ucnoqta.az\/index.php?rest_route=\/wp\/v2\/posts\/78352","targetHints":{"allow":["GET"]}}],"collection":[{"href":"https:\/\/ucnoqta.az\/index.php?rest_route=\/wp\/v2\/posts"}],"about":[{"href":"https:\/\/ucnoqta.az\/index.php?rest_route=\/wp\/v2\/types\/post"}],"author":[{"embeddable":true,"href":"https:\/\/ucnoqta.az\/index.php?rest_route=\/wp\/v2\/users\/1"}],"replies":[{"embeddable":true,"href":"https:\/\/ucnoqta.az\/index.php?rest_route=%2Fwp%2Fv2%2Fcomments&post=78352"}],"version-history":[{"count":0,"href":"https:\/\/ucnoqta.az\/index.php?rest_route=\/wp\/v2\/posts\/78352\/revisions"}],"wp:featuredmedia":[{"embeddable":true,"href":"https:\/\/ucnoqta.az\/index.php?rest_route=\/wp\/v2\/media\/251278"}],"wp:attachment":[{"href":"https:\/\/ucnoqta.az\/index.php?rest_route=%2Fwp%2Fv2%2Fmedia&parent=78352"}],"wp:term":[{"taxonomy":"category","embeddable":true,"href":"https:\/\/ucnoqta.az\/index.php?rest_route=%2Fwp%2Fv2%2Fcategories&post=78352"},{"taxonomy":"post_tag","embeddable":true,"href":"https:\/\/ucnoqta.az\/index.php?rest_route=%2Fwp%2Fv2%2Ftags&post=78352"}],"curies":[{"name":"wp","href":"https:\/\/api.w.org\/{rel}","templated":true}]}}