{"id":78335,"date":"2019-04-18T15:01:07","date_gmt":"2019-04-18T11:01:07","guid":{"rendered":""},"modified":"-0001-11-30T00:00:00","modified_gmt":"-0001-11-29T20:00:00","slug":"","status":"publish","type":"post","link":"https:\/\/ucnoqta.az\/?p=78335","title":{"rendered":"<font color=red><b>\u201cAz\u0259rbaycanda pensiya v\u0259 \u0259m\u0259khaqq\u0131 yen\u0259 art\u0131r\u0131lacaq\u201d<\/b><\/font> \u2013 \u0130lham \u018fliyev"},"content":{"rendered":"<p><strong>&ldquo;&Ouml;lk\u0259d\u0259 minumum \u0259m\u0259khaqq\u0131n\u0131n v\u0259 minumum pensiyan\u0131n t\u0259xmin\u0259n 40 faiz qald\u0131r\u0131lmas\u0131 &ouml;n\u0259mli add\u0131md\u0131r. Ancaq onu da dem\u0259liy\u0259m ki, bu art\u0131m b&ouml;y&uuml;k olsa da, bizi qane ed\u0259 bilm\u0259z&rdquo;<\/strong><\/p>\n<p>Bunu prezident \u0130lham \u018fliyev Bak\u0131n\u0131n Suraxan\u0131 rayonunun Qara&ccedil;uxur q\u0259s\u0259b\u0259sind\u0259 \u0259sasl\u0131 \u015f\u0259kild\u0259 yenid\u0259n qurulan Neft&ccedil;il\u0259r park\u0131 il\u0259 tan\u0131\u015f olark\u0259n sakinl\u0259rl\u0259 s&ouml;hb\u0259tind\u0259 bildirib.<\/p>\n<p>Prezident vur\u011fulay\u0131b ki, Az\u0259rbaycanda maa\u015flar v\u0259 pensiyalar bundan sonra da qald\u0131r\u0131lacaq: &ldquo;M&uuml;vafiq g&ouml;st\u0259ri\u015fl\u0259r verildi. \u0130ndi h&ouml;kum\u0259td\u0259 i\u015f apar\u0131l\u0131r. Bizim indi maliyy\u0259 imkanlar\u0131m\u0131z art\u0131r. &Ouml;lk\u0259mizd\u0259 apar\u0131lan ciddi iqtisadi islahatlar biz\u0259 \u0259lav\u0259 g\u0259lirl\u0259r g\u0259tirir. Bu ilin \u0259vv\u0259lind\u0259n kifay\u0259t q\u0259d\u0259r b&ouml;y&uuml;k bir r\u0259q\u0259m b&uuml;dc\u0259y\u0259 daxil oldu. M\u0259nim g&ouml;st\u0259ri\u015fiml\u0259 \u0259lav\u0259 y\u0131\u011f\u0131lan b&uuml;dc\u0259 g\u0259lirl\u0259ri ilk n&ouml;vb\u0259d\u0259, v\u0259t\u0259nda\u015flar\u0131n sosial m&uuml;dafi\u0259sin\u0259, o c&uuml;ml\u0259d\u0259n maa\u015flar\u0131n, pensiyalar\u0131n art\u0131r\u0131lmas\u0131na istiqam\u0259tl\u0259ndirilm\u0259lidir.<\/p>\n<p>Baxmayaraq ki, biz mart ay\u0131nda bu q\u0259rar\u0131 q\u0259bul etdik. Aprelin \u0259vv\u0259lind\u0259n sosial m&uuml;avin\u0259tl\u0259rin art\u0131m\u0131 q&uuml;vv\u0259y\u0259 mindi. Burada da orta hesabla 2 d\u0259f\u0259 sosial m&uuml;avin\u0259tl\u0259r art\u0131r\u0131l\u0131b. 600 min\u0259 yax\u0131n insan bu proqramla \u0259hat\u0259 olunub. Bu istiqam\u0259td\u0259 i\u015fl\u0259r davam etdiril\u0259c\u0259k. Minumum \u0259m\u0259khaqq\u0131, minumum pensiya Az\u0259rbaycanda bundan sonra da qald\u0131r\u0131lacaq ki, v\u0259t\u0259nda\u015flar daha da yax\u015f\u0131 ya\u015fas\u0131nlar&rdquo;.<\/p>\n<p>Prezident h\u0259m&ccedil;inin s&ouml;hb\u0259tind\u0259 problemli kreditl\u0259r il\u0259 ba\u011fl\u0131 q\u0259bul olunan f\u0259rmandan da dan\u0131\u015f\u0131b. O, qeyd edib ki, Az\u0259rbaycanda bu m\u0259s\u0259l\u0259 el\u0259 s\u0259viyy\u0259d\u0259 h\u0259ll olundu ki, bunun d&uuml;nyada b\u0259nz\u0259ri yoxdur: &ldquo;Bilirsiniz ki, bir &ccedil;ox &ouml;lk\u0259l\u0259rd\u0259 bu problem m&ouml;vcuddur. &Ouml;lk\u0259l\u0259r v\u0259 &ouml;lk\u0259 r\u0259hb\u0259rl\u0259ri &ccedil;al\u0131\u015f\u0131rd\u0131lar ki, bu problemi h\u0259ll etsinl\u0259r.<\/p>\n<p>B\u0259zi hallarda q\u0259rarlar q\u0259bul edildi, ancaq icra edilm\u0259di. B\u0259zi hallarda h\u0259l\u0259 d\u0259 m&uuml;zakir\u0259l\u0259r gedir. Ancaq biz &ccedil;ox ciddi q\u0259rar q\u0259bul etdik. Bu q\u0259rar maksimum v\u0259t\u0259nda\u015flar\u0131n maraqlar\u0131n\u0131 n\u0259z\u0259r\u0259 alan q\u0259rar oldu. 800 min\u0259 yax\u0131n insan bu f\u0259rmandan yararlanacaq&rdquo;.\/qafqazinfo<\/p>\n","protected":false},"excerpt":{"rendered":"<p>&ldquo;&Ouml;lk\u0259d\u0259 minumum \u0259m\u0259khaqq\u0131n\u0131n v\u0259 minumum pensiyan\u0131n t\u0259xmin\u0259n 40 faiz qald\u0131r\u0131lmas\u0131 &ouml;n\u0259mli add\u0131md\u0131r. Ancaq onu da dem\u0259liy\u0259m ki, bu art\u0131m b&ouml;y&uuml;k olsa da, bizi qane ed\u0259 bilm\u0259z&rdquo; Bunu prezident \u0130lham \u018fliyev&hellip;<\/p>\n","protected":false},"author":1,"featured_media":251278,"comment_status":"open","ping_status":"open","sticky":false,"template":"","format":"standard","meta":{"_lmt_disableupdate":"","_lmt_disable":"","footnotes":""},"categories":[],"tags":[],"class_list":["post-78335","post","type-post","status-publish","format-standard","has-post-thumbnail","hentry"],"_links":{"self":[{"href":"https:\/\/ucnoqta.az\/index.php?rest_route=\/wp\/v2\/posts\/78335","targetHints":{"allow":["GET"]}}],"collection":[{"href":"https:\/\/ucnoqta.az\/index.php?rest_route=\/wp\/v2\/posts"}],"about":[{"href":"https:\/\/ucnoqta.az\/index.php?rest_route=\/wp\/v2\/types\/post"}],"author":[{"embeddable":true,"href":"https:\/\/ucnoqta.az\/index.php?rest_route=\/wp\/v2\/users\/1"}],"replies":[{"embeddable":true,"href":"https:\/\/ucnoqta.az\/index.php?rest_route=%2Fwp%2Fv2%2Fcomments&post=78335"}],"version-history":[{"count":0,"href":"https:\/\/ucnoqta.az\/index.php?rest_route=\/wp\/v2\/posts\/78335\/revisions"}],"wp:featuredmedia":[{"embeddable":true,"href":"https:\/\/ucnoqta.az\/index.php?rest_route=\/wp\/v2\/media\/251278"}],"wp:attachment":[{"href":"https:\/\/ucnoqta.az\/index.php?rest_route=%2Fwp%2Fv2%2Fmedia&parent=78335"}],"wp:term":[{"taxonomy":"category","embeddable":true,"href":"https:\/\/ucnoqta.az\/index.php?rest_route=%2Fwp%2Fv2%2Fcategories&post=78335"},{"taxonomy":"post_tag","embeddable":true,"href":"https:\/\/ucnoqta.az\/index.php?rest_route=%2Fwp%2Fv2%2Ftags&post=78335"}],"curies":[{"name":"wp","href":"https:\/\/api.w.org\/{rel}","templated":true}]}}