{"id":78329,"date":"2019-04-18T14:23:06","date_gmt":"2019-04-18T10:23:06","guid":{"rendered":""},"modified":"-0001-11-30T00:00:00","modified_gmt":"-0001-11-29T20:00:00","slug":"","status":"publish","type":"post","link":"https:\/\/ucnoqta.az\/?p=78329","title":{"rendered":"Ramazan ay\u0131n\u0131n ba\u015flanma tarixi <font color=red><b>A\u00e7\u0131qland\u0131<\/b><\/font>"},"content":{"rendered":"<p><strong>Ramazan ay\u0131n\u0131n ilk g&uuml;n&uuml; may ay\u0131n\u0131n 6-na t\u0259sad&uuml;f edir. <\/strong><\/p>\n<p>Bu bar\u0259d\u0259 Qafqaz M&uuml;s\u0259lmanlar\u0131 \u0130dar\u0259si (QM\u0130) T\u0259\u015fkilat \u015f&ouml;b\u0259sinin m&uuml;diri \u018flirza Qafarov deyib. O bildirib ki, may ay\u0131n\u0131n 5-i ax\u015fam\u0131 niyy\u0259t ax\u015fam\u0131, 6-s\u0131 Ramazan ay\u0131n\u0131n birinci g&uuml;n&uuml;d&uuml;r: &ldquo;Ramazan t\u0259qvimin\u0259 \u0259sas\u0259n, may\u0131n 6-s\u0131 Bak\u0131da imsak saat 03:57-d\u0259, iftar is\u0259 saat 19:56-d\u0131r. Y\u0259qin ki, yax\u0131n g&uuml;nl\u0259rd\u0259 Qafqaz M&uuml;s\u0259lmanlar\u0131 \u0130dar\u0259sinin Qaz\u0131lar \u015euras\u0131 bununla ba\u011fl\u0131 f\u0259tvas\u0131n\u0131 elan ed\u0259c\u0259k&rdquo;.<\/p>\n<p>Qeyd ed\u0259k ki, Ramazan t\u0259qvimi \u015eamax\u0131 Astrofizika R\u0259s\u0259dxanas\u0131 v\u0259 QM\u0130 t\u0259r\u0259find\u0259n birlikd\u0259 haz\u0131rlan\u0131r. \u018fm\u0259k v\u0259 \u018fhalinin Sosial M&uuml;dafi\u0259si Nazirliyinin Kollegiyas\u0131n\u0131n 25 dekabr 2018-ci il tarixli 12 n&ouml;mr\u0259li q\u0259rar\u0131 il\u0259 t\u0259sdiq edil\u0259n 2019-cu ilin i\u015f vaxt\u0131 normas\u0131 v\u0259 istehsalat t\u0259qvimind\u0259 5-6 iyun tarixl\u0259ri Ramazan bayram\u0131 kimi g&ouml;st\u0259rilib. (ONA)<\/p>\n","protected":false},"excerpt":{"rendered":"<p>Ramazan ay\u0131n\u0131n ilk g&uuml;n&uuml; may ay\u0131n\u0131n 6-na t\u0259sad&uuml;f edir. Bu bar\u0259d\u0259 Qafqaz M&uuml;s\u0259lmanlar\u0131 \u0130dar\u0259si (QM\u0130) T\u0259\u015fkilat \u015f&ouml;b\u0259sinin m&uuml;diri \u018flirza Qafarov deyib. O bildirib ki, may ay\u0131n\u0131n 5-i ax\u015fam\u0131 niyy\u0259t ax\u015fam\u0131,&hellip;<\/p>\n","protected":false},"author":1,"featured_media":251278,"comment_status":"open","ping_status":"open","sticky":false,"template":"","format":"standard","meta":{"_lmt_disableupdate":"","_lmt_disable":"","footnotes":""},"categories":[],"tags":[],"class_list":["post-78329","post","type-post","status-publish","format-standard","has-post-thumbnail","hentry"],"_links":{"self":[{"href":"https:\/\/ucnoqta.az\/index.php?rest_route=\/wp\/v2\/posts\/78329","targetHints":{"allow":["GET"]}}],"collection":[{"href":"https:\/\/ucnoqta.az\/index.php?rest_route=\/wp\/v2\/posts"}],"about":[{"href":"https:\/\/ucnoqta.az\/index.php?rest_route=\/wp\/v2\/types\/post"}],"author":[{"embeddable":true,"href":"https:\/\/ucnoqta.az\/index.php?rest_route=\/wp\/v2\/users\/1"}],"replies":[{"embeddable":true,"href":"https:\/\/ucnoqta.az\/index.php?rest_route=%2Fwp%2Fv2%2Fcomments&post=78329"}],"version-history":[{"count":0,"href":"https:\/\/ucnoqta.az\/index.php?rest_route=\/wp\/v2\/posts\/78329\/revisions"}],"wp:featuredmedia":[{"embeddable":true,"href":"https:\/\/ucnoqta.az\/index.php?rest_route=\/wp\/v2\/media\/251278"}],"wp:attachment":[{"href":"https:\/\/ucnoqta.az\/index.php?rest_route=%2Fwp%2Fv2%2Fmedia&parent=78329"}],"wp:term":[{"taxonomy":"category","embeddable":true,"href":"https:\/\/ucnoqta.az\/index.php?rest_route=%2Fwp%2Fv2%2Fcategories&post=78329"},{"taxonomy":"post_tag","embeddable":true,"href":"https:\/\/ucnoqta.az\/index.php?rest_route=%2Fwp%2Fv2%2Ftags&post=78329"}],"curies":[{"name":"wp","href":"https:\/\/api.w.org\/{rel}","templated":true}]}}