{"id":78320,"date":"2019-04-18T13:03:39","date_gmt":"2019-04-18T09:03:39","guid":{"rendered":""},"modified":"-0001-11-30T00:00:00","modified_gmt":"-0001-11-29T20:00:00","slug":"","status":"publish","type":"post","link":"https:\/\/ucnoqta.az\/?p=78320","title":{"rendered":"Rza Rzayev v\u0259 bac\u0131s\u0131 o\u011flunun m\u0259hk\u0259m\u0259si davam etdirilib"},"content":{"rendered":"<p>&nbsp;<\/p>\n<p><strong>Nizami Rayon M\u0259hk\u0259m\u0259sind\u0259 xuliqanl\u0131qda t\u0259qsirl\u0259ndiril\u0259n aktyor&nbsp;Rza Rzayev&nbsp;v\u0259 bac\u0131s\u0131 o\u011flu&nbsp;To\u011frul \u0130brahimlinin cinay\u0259t i\u015fi &uuml;zr\u0259 m\u0259hk\u0259m\u0259nin haz\u0131rl\u0131q iclas\u0131 davam etdirilib.<\/strong><\/p>\n<p>T.\u0130brahimlinin v\u0259kili&nbsp;\u018fziz Q\u0259nb\u0259rov&nbsp; bildirib ki, hakim&nbsp;N\u0259riman Mehdiyevin s\u0259drliyi il\u0259 ke&ccedil;iril\u0259n prosesd\u0259 v\u0259sat\u0259t qald\u0131r\u0131b.<\/p>\n<p>O, v\u0259sat\u0259tind\u0259 i\u015f\u0259 yeni qo\u015fuldu\u011funu dey\u0259r\u0259k, cinay\u0259t i\u015finin materiallar\u0131 il\u0259 tan\u0131\u015f olmaq &uuml;&ccedil;&uuml;n m\u0259hk\u0259m\u0259d\u0259n vaxt ist\u0259yib.<\/p>\n<p>V\u0259sat\u0259t t\u0259min edilib, hakim qeyd edib ki, v\u0259kill\u0259r aprelin 23-d\u0259 m\u0259hk\u0259m\u0259y\u0259 g\u0259lib, cinay\u0259t i\u015finin materiallar\u0131 il\u0259 tan\u0131\u015f ola bil\u0259rl\u0259r.<\/p>\n<p>M\u0259hk\u0259m\u0259nin bax\u0131\u015f iclas\u0131&nbsp;may\u0131n 1-n\u0259 t\u0259yin edilib.<\/p>\n<p>Qeyd ed\u0259k ki, sosial \u015f\u0259b\u0259k\u0259l\u0259rd\u0259 aktyor R.Rzayevin 175 sayl\u0131 orta m\u0259kt\u0259bin direktoru&nbsp;Tural Mirz\u0259liyevi&nbsp;d&ouml;ym\u0259sin\u0259 dair m\u0259lumatlar v\u0259 g&ouml;r&uuml;nt&uuml;l\u0259r yay\u0131l\u0131b. Hadis\u0259 il\u0259 ba\u011fl\u0131 Bak\u0131 \u015e\u0259h\u0259ri &uuml;zr\u0259 T\u0259hsil \u0130dar\u0259si d\u0259&nbsp;m\u0259lumat&nbsp;yay\u0131b. Faktla ba\u011fl\u0131 Cinay\u0259t M\u0259c\u0259ll\u0259sinin&nbsp;221.1-ci (xuliqanl\u0131q) madd\u0259si il\u0259&nbsp;cinay\u0259t i\u015fi&nbsp;ba\u015flan\u0131b.<\/p>\n<p>H\u0259r iki \u015f\u0259xsin bar\u0259sind\u0259 polisin n\u0259zar\u0259ti q\u0259timkan t\u0259dbiri se&ccedil;ilib.\/report<\/p>\n","protected":false},"excerpt":{"rendered":"<p>&nbsp; Nizami Rayon M\u0259hk\u0259m\u0259sind\u0259 xuliqanl\u0131qda t\u0259qsirl\u0259ndiril\u0259n aktyor&nbsp;Rza Rzayev&nbsp;v\u0259 bac\u0131s\u0131 o\u011flu&nbsp;To\u011frul \u0130brahimlinin cinay\u0259t i\u015fi &uuml;zr\u0259 m\u0259hk\u0259m\u0259nin haz\u0131rl\u0131q iclas\u0131 davam etdirilib. T.\u0130brahimlinin v\u0259kili&nbsp;\u018fziz Q\u0259nb\u0259rov&nbsp; bildirib ki, hakim&nbsp;N\u0259riman Mehdiyevin s\u0259drliyi il\u0259 ke&ccedil;iril\u0259n prosesd\u0259&hellip;<\/p>\n","protected":false},"author":1,"featured_media":251278,"comment_status":"open","ping_status":"open","sticky":false,"template":"","format":"standard","meta":{"_lmt_disableupdate":"","_lmt_disable":"","footnotes":""},"categories":[],"tags":[],"class_list":["post-78320","post","type-post","status-publish","format-standard","has-post-thumbnail","hentry"],"_links":{"self":[{"href":"https:\/\/ucnoqta.az\/index.php?rest_route=\/wp\/v2\/posts\/78320","targetHints":{"allow":["GET"]}}],"collection":[{"href":"https:\/\/ucnoqta.az\/index.php?rest_route=\/wp\/v2\/posts"}],"about":[{"href":"https:\/\/ucnoqta.az\/index.php?rest_route=\/wp\/v2\/types\/post"}],"author":[{"embeddable":true,"href":"https:\/\/ucnoqta.az\/index.php?rest_route=\/wp\/v2\/users\/1"}],"replies":[{"embeddable":true,"href":"https:\/\/ucnoqta.az\/index.php?rest_route=%2Fwp%2Fv2%2Fcomments&post=78320"}],"version-history":[{"count":0,"href":"https:\/\/ucnoqta.az\/index.php?rest_route=\/wp\/v2\/posts\/78320\/revisions"}],"wp:featuredmedia":[{"embeddable":true,"href":"https:\/\/ucnoqta.az\/index.php?rest_route=\/wp\/v2\/media\/251278"}],"wp:attachment":[{"href":"https:\/\/ucnoqta.az\/index.php?rest_route=%2Fwp%2Fv2%2Fmedia&parent=78320"}],"wp:term":[{"taxonomy":"category","embeddable":true,"href":"https:\/\/ucnoqta.az\/index.php?rest_route=%2Fwp%2Fv2%2Fcategories&post=78320"},{"taxonomy":"post_tag","embeddable":true,"href":"https:\/\/ucnoqta.az\/index.php?rest_route=%2Fwp%2Fv2%2Ftags&post=78320"}],"curies":[{"name":"wp","href":"https:\/\/api.w.org\/{rel}","templated":true}]}}