{"id":78290,"date":"2019-04-17T23:06:02","date_gmt":"2019-04-17T19:06:02","guid":{"rendered":""},"modified":"-0001-11-30T00:00:00","modified_gmt":"-0001-11-29T20:00:00","slug":"","status":"publish","type":"post","link":"https:\/\/ucnoqta.az\/?p=78290","title":{"rendered":"Leyla \u018fliyeva \u201c\u015eahda\u011f. Da\u011flar\u0131n \u015fah\u0131\u201d s\u0259n\u0259dli filminin t\u0259qdimat m\u0259rasimind\u0259 <font color=red><b> -Foto<\/b><\/font>"},"content":{"rendered":"<p><strong>Aprelin 17-d\u0259 Bak\u0131 Konqres M\u0259rk\u0259zind\u0259 IDEA \u0130ctimai Birliyinin milli parklar haqq\u0131nda s\u0259n\u0259dli filml\u0259r silsil\u0259sind\u0259n ibar\u0259t x&uuml;susi layih\u0259si &ccedil;\u0259r&ccedil;iv\u0259sind\u0259 &ccedil;\u0259kilmi\u015f &ldquo;\u015eahda\u011f. Da\u011flar\u0131n \u015fah\u0131&rdquo; s\u0259n\u0259dli filminin t\u0259qdimat m\u0259rasimi ke&ccedil;irilib.<\/strong><\/p>\n<p>Heyd\u0259r \u018fliyev Fondunun vitse-prezidenti, IDEA \u0130ctimai Birliyinin t\u0259sis&ccedil;isi v\u0259 r\u0259hb\u0259ri Leyla \u018fliyeva t\u0259dbird\u0259 i\u015ftirak edib. Ekran \u0259s\u0259rinin t\u0259qdimat\u0131ndan \u0259vv\u0259l qonaqlar &ldquo;\u015eahda\u011f. Da\u011flar\u0131n \u015fah\u0131&rdquo; filminin rejissoru \u0130qor B\u0131\u015fnyovun &ccedil;\u0259kili\u015fl\u0259r zaman\u0131 lent\u0259 ald\u0131\u011f\u0131 fotolardan ibar\u0259t s\u0259rgi il\u0259 tan\u0131\u015f olublar.<br \/>\nSonra yeni yarad\u0131lm\u0131\u015f Q\u0131z\u0131la\u011fac Milli Park\u0131ndan b\u0259hs ed\u0259n v\u0259 haz\u0131rda &ccedil;\u0259kili\u015fl\u0259ri davam ed\u0259n yeni filmd\u0259n kadrlar g&ouml;st\u0259rilib.<\/p>\n<p>M\u0259rasimd\u0259 &ccedil;\u0131x\u0131\u015f ed\u0259n \u0130qor B\u0131\u015fnyov &ldquo;\u015eahda\u011f. Da\u011flar\u0131n \u015fah\u0131&rdquo; layih\u0259sinin t\u0259\u015f\u0259bb&uuml;skar\u0131 Leyla \u018fliyevaya t\u0259\u015f\u0259kk&uuml;r&uuml;n&uuml; bildirib, filmin alt\u0131 il m&uuml;dd\u0259td\u0259 davam ed\u0259n &ccedil;\u0259kili\u015f prosesi il\u0259 ba\u011fl\u0131 t\u0259\u0259ss&uuml;ratlar\u0131n\u0131 b&ouml;l&uuml;\u015f&uuml;b.<br \/>\n\u0130qor B\u0131\u015fnyov Az\u0259rbaycanda ekoturizmin inki\u015faf\u0131 &uuml;&ccedil;&uuml;n \u0259lveri\u015fli imkanlar\u0131n oldu\u011funu vur\u011fulay\u0131b.<\/p>\n<p>Filmd\u0259 C\u0259nubi Qafqaz\u0131n \u0259n b&ouml;y&uuml;k milli park\u0131 olan \u015eahda\u011f Milli Park\u0131n\u0131n yarad\u0131lmas\u0131n\u0131n m\u0259qs\u0259di, burada m\u0259skunla\u015fan v\u0259 108-i Az\u0259rbaycan Respublikas\u0131n\u0131n &quot;Q\u0131rm\u0131z\u0131 Kitab&quot;\u0131na daxil edilmi\u015f fauna n&ouml;vl\u0259ri, endemik v\u0259 n\u0259sli k\u0259silm\u0259kd\u0259 olan dig\u0259r n&ouml;vl\u0259r v\u0259 transs\u0259rh\u0259d k&ouml;&ccedil;\u0259ri heyvanlar, \u0259razi &uuml;&ccedil;&uuml;n xarakterik olan m&uuml;xt\u0259lif flora n&ouml;vl\u0259ri, b&ouml;y&uuml;k v\u0259 \u0259z\u0259m\u0259tli qalaya b\u0259nz\u0259rliyi il\u0259 insan\u0131 heyr\u0259t\u0259 g\u0259tir\u0259n \u015eahda\u011f\u0131n land\u015faft\u0131, \u0259razid\u0259 m&ouml;vcud olan qlobal \u0259h\u0259miyy\u0259tli da\u011f me\u015f\u0259l\u0259ri haqq\u0131nda b\u0259hs edilir.<\/p>\n<p>IDEA-n\u0131n s&ouml;z&uuml;ged\u0259n layih\u0259si &ccedil;\u0259r&ccedil;iv\u0259sind\u0259 2014-c&uuml; ild\u0259 &ldquo;\u015eirvan Milli Park\u0131&rdquo;, 2015-ci ild\u0259 &quot;Qu\u015flar c\u0259nn\u0259ti &#8211; A\u011fg&ouml;l Milli Park\u0131&quot; v\u0259 &quot;G&ouml;yg&ouml;l Milli Park\u0131&quot;, 2017-ci ild\u0259 &quot;Az\u0259rbaycan. Ceyranlar\u0131n xilas\u0131&rdquo;, &ouml;t\u0259n il is\u0259 &quot;Ab\u015feron Milli Park\u0131&rdquo; s\u0259n\u0259dli filml\u0259ri geni\u015f ictimaiyy\u0259t\u0259 t\u0259qdim olunub. Layih\u0259 &ccedil;\u0259r&ccedil;iv\u0259sind\u0259 &ouml;lk\u0259mizin b&uuml;t&uuml;n milli parklar\u0131 haqq\u0131nda s\u0259n\u0259dli filmin haz\u0131rlanmas\u0131 n\u0259z\u0259rd\u0259 tutulur.<\/p>\n<p>IDEA \u0130ctimai Birliyinin t\u0259\u015f\u0259bb&uuml;s&uuml; il\u0259 &ldquo;\u015eahda\u011f. Da\u011flar\u0131n \u015fah\u0131&rdquo; filmi &ouml;lk\u0259mizin ali t\u0259hsil m&uuml;\u0259ssis\u0259l\u0259rind\u0259, h\u0259m&ccedil;inin \u0130ctimai Birliyin Bak\u0131 v\u0259 G\u0259nc\u0259 \u015f\u0259h\u0259rl\u0259rind\u0259ki Resurs m\u0259rk\u0259zl\u0259rind\u0259 n&uuml;mayi\u015f etdiril\u0259c\u0259k. Bununla yana\u015f\u0131, &ldquo;\u015eahda\u011f. Da\u011flar\u0131n \u015fah\u0131&rdquo; filminin dig\u0259r &ouml;lk\u0259l\u0259rd\u0259 v\u0259 m&uuml;xt\u0259lif beyn\u0259lxalq t\u0259dbirl\u0259r &ccedil;\u0259r&ccedil;iv\u0259sind\u0259 d\u0259 n&uuml;mayi\u015fi n\u0259z\u0259rd\u0259 tutulur.<\/p>\n<p>IDEA-n\u0131n milli parklarla ba\u011fl\u0131 s\u0259n\u0259dli filml\u0259r silsil\u0259si yaratma\u011f\u0131nda \u0259sas m\u0259qs\u0259di Az\u0259rbaycan\u0131n \u0259srar\u0259ngiz t\u0259bi\u0259t g&ouml;z\u0259llikl\u0259rini &ouml;lk\u0259 daxilind\u0259 v\u0259 xaricd\u0259 t\u0259bli\u011f etm\u0259k, el\u0259c\u0259 d\u0259 \u0259traf m&uuml;hitin m&uuml;hafiz\u0259sinin vacibliyini diqq\u0259t\u0259 &ccedil;atd\u0131rmaqd\u0131r.\/trend<\/p>\n","protected":false},"excerpt":{"rendered":"<p>Aprelin 17-d\u0259 Bak\u0131 Konqres M\u0259rk\u0259zind\u0259 IDEA \u0130ctimai Birliyinin milli parklar haqq\u0131nda s\u0259n\u0259dli filml\u0259r silsil\u0259sind\u0259n ibar\u0259t x&uuml;susi layih\u0259si &ccedil;\u0259r&ccedil;iv\u0259sind\u0259 &ccedil;\u0259kilmi\u015f &ldquo;\u015eahda\u011f. Da\u011flar\u0131n \u015fah\u0131&rdquo; s\u0259n\u0259dli filminin t\u0259qdimat m\u0259rasimi ke&ccedil;irilib. Heyd\u0259r \u018fliyev Fondunun&hellip;<\/p>\n","protected":false},"author":1,"featured_media":251278,"comment_status":"open","ping_status":"open","sticky":false,"template":"","format":"standard","meta":{"_lmt_disableupdate":"","_lmt_disable":"","footnotes":""},"categories":[],"tags":[],"class_list":["post-78290","post","type-post","status-publish","format-standard","has-post-thumbnail","hentry"],"_links":{"self":[{"href":"https:\/\/ucnoqta.az\/index.php?rest_route=\/wp\/v2\/posts\/78290","targetHints":{"allow":["GET"]}}],"collection":[{"href":"https:\/\/ucnoqta.az\/index.php?rest_route=\/wp\/v2\/posts"}],"about":[{"href":"https:\/\/ucnoqta.az\/index.php?rest_route=\/wp\/v2\/types\/post"}],"author":[{"embeddable":true,"href":"https:\/\/ucnoqta.az\/index.php?rest_route=\/wp\/v2\/users\/1"}],"replies":[{"embeddable":true,"href":"https:\/\/ucnoqta.az\/index.php?rest_route=%2Fwp%2Fv2%2Fcomments&post=78290"}],"version-history":[{"count":0,"href":"https:\/\/ucnoqta.az\/index.php?rest_route=\/wp\/v2\/posts\/78290\/revisions"}],"wp:featuredmedia":[{"embeddable":true,"href":"https:\/\/ucnoqta.az\/index.php?rest_route=\/wp\/v2\/media\/251278"}],"wp:attachment":[{"href":"https:\/\/ucnoqta.az\/index.php?rest_route=%2Fwp%2Fv2%2Fmedia&parent=78290"}],"wp:term":[{"taxonomy":"category","embeddable":true,"href":"https:\/\/ucnoqta.az\/index.php?rest_route=%2Fwp%2Fv2%2Fcategories&post=78290"},{"taxonomy":"post_tag","embeddable":true,"href":"https:\/\/ucnoqta.az\/index.php?rest_route=%2Fwp%2Fv2%2Ftags&post=78290"}],"curies":[{"name":"wp","href":"https:\/\/api.w.org\/{rel}","templated":true}]}}