{"id":78289,"date":"2019-04-17T22:41:53","date_gmt":"2019-04-17T18:41:53","guid":{"rendered":""},"modified":"-0001-11-30T00:00:00","modified_gmt":"-0001-11-29T20:00:00","slug":"","status":"publish","type":"post","link":"https:\/\/ucnoqta.az\/?p=78289","title":{"rendered":"Bak\u0131da <font color=red><b>D\u018fH\u015e\u018fTL\u0130 Q\u018fTL<\/b><\/font>\u2013 33 ya\u015fl\u0131 qad\u0131n\u0131n bo\u011faz\u0131n\u0131 k\u0259sib \u00f6ld\u00fcrd\u00fcl\u0259r"},"content":{"rendered":"<p><strong>Bu g&uuml;n Bak\u0131da d\u0259h\u015f\u0259tli q\u0259tl t&ouml;r\u0259dilib.<\/strong><\/p>\n<p>Ucnoqta.az Publika.az-a istinad\u0259n x\u0259b\u0259r verir ki, X\u0259z\u0259r rayonu \u015ea\u011fan q\u0259s\u0259b\u0259sind\u0259 yerl\u0259\u015f\u0259n f\u0259rdi ya\u015fay\u0131\u015f evind\u0259 \u015eamax\u0131 rayonunun Ba\u011f\u0131rl\u0131 k\u0259ndind\u0259 anadan olmu\u015f. 1986-c\u0131 il t\u0259v\u0259ll&uuml;dl&uuml; K&uuml;tahi M\u0259likovan\u0131n &uuml;z\u0259rind\u0259 x\u0259sar\u0259tl\u0259r olan meyiti tap\u0131l\u0131b. \u0130lkin ara\u015fd\u0131rmalar zaman\u0131 33 ya\u015fl\u0131 qad\u0131n\u0131n bo\u011faz\u0131n\u0131n k\u0259sil\u0259r\u0259k q\u0259tl\u0259 yetirildiyi m\u0259lum olub.<\/p>\n<p>Bildirilir ki, 2 u\u015faq anas\u0131 olan K.M\u0259likova s\u0259h\u0259r saatlar\u0131nda &ouml;vladlar\u0131n\u0131 d\u0259rs\u0259 yola sal\u0131b. Hadis\u0259 vaxt\u0131 onun h\u0259yat yolda\u015f\u0131 da evd\u0259 olmay\u0131b.<\/p>\n<p>Faktla ba\u011fl\u0131 \u0259m\u0259liyyat-axtar\u0131\u015f t\u0259dbirl\u0259ri h\u0259yata ke&ccedil;irilir. G\u0259nc qad\u0131n\u0131n hans\u0131 s\u0259b\u0259bd\u0259n, kim t\u0259r\u0259find\u0259n q\u0259tl\u0259 yetirilm\u0259si h\u0259l\u0259lik m\u0259lum deyil.<\/p>\n","protected":false},"excerpt":{"rendered":"<p>Bu g&uuml;n Bak\u0131da d\u0259h\u015f\u0259tli q\u0259tl t&ouml;r\u0259dilib. Ucnoqta.az Publika.az-a istinad\u0259n x\u0259b\u0259r verir ki, X\u0259z\u0259r rayonu \u015ea\u011fan q\u0259s\u0259b\u0259sind\u0259 yerl\u0259\u015f\u0259n f\u0259rdi ya\u015fay\u0131\u015f evind\u0259 \u015eamax\u0131 rayonunun Ba\u011f\u0131rl\u0131 k\u0259ndind\u0259 anadan olmu\u015f. 1986-c\u0131 il t\u0259v\u0259ll&uuml;dl&uuml; K&uuml;tahi&hellip;<\/p>\n","protected":false},"author":1,"featured_media":251278,"comment_status":"open","ping_status":"open","sticky":false,"template":"","format":"standard","meta":{"_lmt_disableupdate":"","_lmt_disable":"","footnotes":""},"categories":[],"tags":[],"class_list":["post-78289","post","type-post","status-publish","format-standard","has-post-thumbnail","hentry"],"_links":{"self":[{"href":"https:\/\/ucnoqta.az\/index.php?rest_route=\/wp\/v2\/posts\/78289","targetHints":{"allow":["GET"]}}],"collection":[{"href":"https:\/\/ucnoqta.az\/index.php?rest_route=\/wp\/v2\/posts"}],"about":[{"href":"https:\/\/ucnoqta.az\/index.php?rest_route=\/wp\/v2\/types\/post"}],"author":[{"embeddable":true,"href":"https:\/\/ucnoqta.az\/index.php?rest_route=\/wp\/v2\/users\/1"}],"replies":[{"embeddable":true,"href":"https:\/\/ucnoqta.az\/index.php?rest_route=%2Fwp%2Fv2%2Fcomments&post=78289"}],"version-history":[{"count":0,"href":"https:\/\/ucnoqta.az\/index.php?rest_route=\/wp\/v2\/posts\/78289\/revisions"}],"wp:featuredmedia":[{"embeddable":true,"href":"https:\/\/ucnoqta.az\/index.php?rest_route=\/wp\/v2\/media\/251278"}],"wp:attachment":[{"href":"https:\/\/ucnoqta.az\/index.php?rest_route=%2Fwp%2Fv2%2Fmedia&parent=78289"}],"wp:term":[{"taxonomy":"category","embeddable":true,"href":"https:\/\/ucnoqta.az\/index.php?rest_route=%2Fwp%2Fv2%2Fcategories&post=78289"},{"taxonomy":"post_tag","embeddable":true,"href":"https:\/\/ucnoqta.az\/index.php?rest_route=%2Fwp%2Fv2%2Ftags&post=78289"}],"curies":[{"name":"wp","href":"https:\/\/api.w.org\/{rel}","templated":true}]}}