{"id":78287,"date":"2019-04-17T21:43:51","date_gmt":"2019-04-17T17:43:51","guid":{"rendered":""},"modified":"-0001-11-30T00:00:00","modified_gmt":"-0001-11-29T20:00:00","slug":"","status":"publish","type":"post","link":"https:\/\/ucnoqta.az\/?p=78287","title":{"rendered":"\u201cRaquf Orucov kuboku\u201d u\u011frunda III beyn\u0259lxalq c\u00fcdo turnirinin a\u00e7\u0131l\u0131\u015f\u0131 olub- <font color=red><b>Foto<\/b><\/font>"},"content":{"rendered":"<p><strong>Aprelin 17-d\u0259 Bak\u0131 \u0130dman Saray\u0131nda Aprel d&ouml;y&uuml;\u015fl\u0259rind\u0259 q\u0259hr\u0259mancas\u0131na h\u0259lak olmu\u015f polkovnik-leytenant Raquf Orucovun xatir\u0259sin\u0259 h\u0259sr edil\u0259n &ldquo;Raquf Orucov Kuboku&rdquo; u\u011frunda III beyn\u0259lxalq c&uuml;do turnirinin a&ccedil;\u0131l\u0131\u015f m\u0259rasimi ke&ccedil;irilib.<\/strong><\/p>\n<p>M\u0259rasimd\u0259 d&ouml;vl\u0259t v\u0259 h&ouml;kum\u0259t qurumlar\u0131n\u0131n n&uuml;may\u0259nd\u0259l\u0259ri, Milli M\u0259clisin deputatlar\u0131, veteran h\u0259rb&ccedil;il\u0259r, \u015f\u0259hid ail\u0259l\u0259rinin &uuml;zvl\u0259ri, tan\u0131nm\u0131\u015f idman&ccedil;\u0131lar, ictimaiyy\u0259tin n&uuml;may\u0259nd\u0259l\u0259ri i\u015ftirak edibl\u0259r. T\u0259dbir turnird\u0259 i\u015ftirak ed\u0259n komandalar\u0131n parad\u0131 il\u0259 ba\u015flay\u0131b.<\/p>\n<p>Sonra Az\u0259rbaycan Respublikas\u0131n\u0131n d&ouml;vl\u0259t himni s\u0259sl\u0259ndirilib, \u015f\u0259hidl\u0259rin xatir\u0259si bir d\u0259qiq\u0259lik s&uuml;kutla yad olunub.<br \/>\nDaha sonra &ouml;lk\u0259mizd\u0259 idman\u0131n, h\u0259m&ccedil;inin c&uuml;donun u\u011furlar\u0131ndan b\u0259hs ed\u0259n video&ccedil;arx n&uuml;mayi\u015f etdirilib.<\/p>\n<p>M\u0259rasimd\u0259 &ccedil;\u0131x\u0131\u015f ed\u0259n Raquf Orucovun o\u011flu Aq\u015fin Oruclu bildirib ki, turnirin t\u0259\u015fkilind\u0259 \u0259sas m\u0259qs\u0259d g\u0259nc n\u0259sl\u0259 h\u0259rbi-v\u0259t\u0259np\u0259rv\u0259rlik hissl\u0259rinin a\u015f\u0131lanmas\u0131, Az\u0259rbaycan\u0131n m&uuml;st\u0259qilliyi v\u0259 \u0259razi b&uuml;t&ouml;vl&uuml;y&uuml; u\u011frunda h\u0259lak olan \u015f\u0259hidl\u0259rimizin xatir\u0259sinin yad olunmas\u0131d\u0131r. Atas\u0131n\u0131n xatir\u0259sin\u0259 h\u0259sr olunan turnirin t\u0259\u015fkilin\u0259 g&ouml;r\u0259 minn\u0259tdarl\u0131\u011f\u0131n\u0131 bildir\u0259n A.Oruclu deyib: &ldquo;T\u0259qdir\u0259layiq hald\u0131r ki, art\u0131q &uuml;&ccedil;&uuml;nc&uuml; d\u0259f\u0259dir t\u0259\u015fkil edil\u0259n turnir\u0259 qat\u0131lan c&uuml;do&ccedil;ular\u0131n, h\u0259m&ccedil;inin \u0259cn\u0259bi komandalar\u0131n say\u0131 ild\u0259n-il\u0259 art\u0131r&rdquo;.<\/p>\n<p>G\u0259ncl\u0259r v\u0259 \u0130dman Nazirliyinin idman \u015f&ouml;b\u0259sinin m&uuml;diri F\u0259rid Mansurov &ccedil;\u0131x\u0131\u015f\u0131nda Aprel d&ouml;y&uuml;\u015fl\u0259rinin tariximizin \u015f\u0259r\u0259fli s\u0259hif\u0259si oldu\u011funu qeyd edib. Ordumuzun \u0259sg\u0259r v\u0259 zabitl\u0259rinin Aprel d&ouml;y&uuml;\u015fl\u0259rind\u0259 b&ouml;y&uuml;k h&uuml;n\u0259r v\u0259 r\u0259\u015fad\u0259t g&ouml;st\u0259rdikl\u0259rini bildir\u0259n F.Mansurov onlar\u0131n &ouml;z q\u0259hr\u0259manl\u0131qlar\u0131 il\u0259 tarix yazd\u0131qlar\u0131n\u0131 vur\u011fulay\u0131b: &ldquo;Ordumuzun g&uuml;c&uuml;, q&uuml;dr\u0259ti getdikc\u0259 art\u0131r. Az\u0259rbaycan Ordusu \u0259n m&uuml;asir silahlarla t\u0259min olunan g&uuml;cl&uuml; ordulardan biridir. Sevindirici hald\u0131r ki, g\u0259ncl\u0259rimiz bu q\u0259hr\u0259manl\u0131q \u0259n\u0259n\u0259l\u0259rin\u0259 h\u0259mi\u015f\u0259 sadiqdirl\u0259r&rdquo;.<\/p>\n<p>Az\u0259rbaycan C&uuml;do Federasiyas\u0131n\u0131n ba\u015f katibi Elmar Babanl\u0131 h\u0259rbi-v\u0259t\u0259np\u0259rv\u0259rlik hissl\u0259rinin, idman\u0131n v\u0259 sa\u011flam h\u0259yat t\u0259rzinin g\u0259ncl\u0259r aras\u0131nda t\u0259bli\u011find\u0259 bel\u0259 turnirl\u0259rin \u0259h\u0259miyy\u0259tini y&uuml;ks\u0259k qiym\u0259tl\u0259ndirib: &ldquo;Az\u0259rbaycan\u0131n suverenliyi, \u0259razi b&uuml;t&ouml;vl&uuml;y&uuml; u\u011frunda canlar\u0131ndan ke&ccedil;\u0259r\u0259k m&uuml;q\u0259dd\u0259s \u015f\u0259hidlik zirv\u0259sin\u0259 ucalm\u0131\u015f V\u0259t\u0259n &ouml;vladlar\u0131n\u0131n xatir\u0259si xalq\u0131m\u0131z t\u0259r\u0259find\u0259n daim uca tutulur. Aprel d&ouml;y&uuml;\u015fl\u0259ri d&ouml;vl\u0259timizin v\u0259 ordumuzun g&uuml;c&uuml;n&uuml;, xalq\u0131m\u0131z\u0131n birliyini, h\u0259mr\u0259yliyini v\u0259 v\u0259t\u0259np\u0259rv\u0259rliyini n&uuml;mayi\u015f etdirdi. G\u0259nc n\u0259sil &ouml;z q\u0259hr\u0259manlar\u0131n\u0131 tan\u0131mal\u0131 v\u0259 onlarla q&uuml;rur duymal\u0131d\u0131r&rdquo;.<\/p>\n<p>A&ccedil;\u0131l\u0131\u015f m\u0259rasimind\u0259 i\u015ftirak ed\u0259n Suraxan\u0131 rayonundak\u0131 270 n&ouml;mr\u0259li orta m\u0259kt\u0259bin Raquf Orucovun ad\u0131n\u0131 da\u015f\u0131yan iki sinfinin h\u0259rbi geyimli \u015fagirdl\u0259rinin &ldquo;\u015e\u0259hidl\u0259r &ouml;lm\u0259z, V\u0259t\u0259n b&ouml;l&uuml;nm\u0259z&rdquo; \u015f&uuml;ar\u0131 alq\u0131\u015flarla qar\u015f\u0131lan\u0131b.<br \/>\nB\u0259dii hiss\u0259 il\u0259 davam ed\u0259n a&ccedil;\u0131l\u0131\u015f m\u0259rasimind\u0259n sonra turnirin final m\u0259rh\u0259l\u0259sin\u0259 start verilib.<\/p>\n<p>Turnirin final\u0131nda Az\u0259rbaycan\u0131n &ldquo;Judo Club-1&rdquo; komandas\u0131 v\u0259 G&uuml;rc&uuml;stan y\u0131\u011fmas\u0131 m&uuml;bariz\u0259 apar\u0131rlar. B&uuml;r&uuml;nc m&uuml;kafat u\u011frunda is\u0259 &ouml;lk\u0259mizin daha bir komandas\u0131 &#8211; &ldquo;Judo Club-2&rdquo; il\u0259 yana\u015f\u0131, Qrozn\u0131, Maha&ccedil;qala v\u0259 D\u0259rb\u0259nd (h\u0259r &uuml;&ccedil;&uuml; Rusiya) y\u0131\u011fmalar\u0131 m&uuml;bariz\u0259 apar\u0131r.<\/p>\n<p>Yar\u0131\u015fda Az\u0259rbaycan, Rusiya, G&uuml;rc&uuml;stan v\u0259 Qazax\u0131standan &uuml;mumilikd\u0259 17 komanda i\u015ftirak edir.\/Az\u0259rTac<\/p>\n","protected":false},"excerpt":{"rendered":"<p>Aprelin 17-d\u0259 Bak\u0131 \u0130dman Saray\u0131nda Aprel d&ouml;y&uuml;\u015fl\u0259rind\u0259 q\u0259hr\u0259mancas\u0131na h\u0259lak olmu\u015f polkovnik-leytenant Raquf Orucovun xatir\u0259sin\u0259 h\u0259sr edil\u0259n &ldquo;Raquf Orucov Kuboku&rdquo; u\u011frunda III beyn\u0259lxalq c&uuml;do turnirinin a&ccedil;\u0131l\u0131\u015f m\u0259rasimi ke&ccedil;irilib. M\u0259rasimd\u0259 d&ouml;vl\u0259t v\u0259&hellip;<\/p>\n","protected":false},"author":1,"featured_media":251278,"comment_status":"open","ping_status":"open","sticky":false,"template":"","format":"standard","meta":{"_lmt_disableupdate":"","_lmt_disable":"","footnotes":""},"categories":[],"tags":[],"class_list":["post-78287","post","type-post","status-publish","format-standard","has-post-thumbnail","hentry"],"_links":{"self":[{"href":"https:\/\/ucnoqta.az\/index.php?rest_route=\/wp\/v2\/posts\/78287","targetHints":{"allow":["GET"]}}],"collection":[{"href":"https:\/\/ucnoqta.az\/index.php?rest_route=\/wp\/v2\/posts"}],"about":[{"href":"https:\/\/ucnoqta.az\/index.php?rest_route=\/wp\/v2\/types\/post"}],"author":[{"embeddable":true,"href":"https:\/\/ucnoqta.az\/index.php?rest_route=\/wp\/v2\/users\/1"}],"replies":[{"embeddable":true,"href":"https:\/\/ucnoqta.az\/index.php?rest_route=%2Fwp%2Fv2%2Fcomments&post=78287"}],"version-history":[{"count":0,"href":"https:\/\/ucnoqta.az\/index.php?rest_route=\/wp\/v2\/posts\/78287\/revisions"}],"wp:featuredmedia":[{"embeddable":true,"href":"https:\/\/ucnoqta.az\/index.php?rest_route=\/wp\/v2\/media\/251278"}],"wp:attachment":[{"href":"https:\/\/ucnoqta.az\/index.php?rest_route=%2Fwp%2Fv2%2Fmedia&parent=78287"}],"wp:term":[{"taxonomy":"category","embeddable":true,"href":"https:\/\/ucnoqta.az\/index.php?rest_route=%2Fwp%2Fv2%2Fcategories&post=78287"},{"taxonomy":"post_tag","embeddable":true,"href":"https:\/\/ucnoqta.az\/index.php?rest_route=%2Fwp%2Fv2%2Ftags&post=78287"}],"curies":[{"name":"wp","href":"https:\/\/api.w.org\/{rel}","templated":true}]}}