{"id":78284,"date":"2019-04-17T20:49:00","date_gmt":"2019-04-17T16:49:00","guid":{"rendered":""},"modified":"-0001-11-30T00:00:00","modified_gmt":"-0001-11-29T20:00:00","slug":"","status":"publish","type":"post","link":"https:\/\/ucnoqta.az\/?p=78284","title":{"rendered":"Milli \u015euran\u0131n mitinq ist\u0259yin\u0259 cavab verildi"},"content":{"rendered":"<p><strong>Bak\u0131 \u015e\u0259h\u0259r \u0130cra Hakimiyy\u0259ti Milli \u015euran\u0131n mitinq ke&ccedil;irm\u0259k ist\u0259yin\u0259 cavab verib.<\/strong><\/p>\n<p>M\u015e &uuml;zvl\u0259rind\u0259n ibar\u0259t mitinq t\u0259\u015fkilat&ccedil;\u0131lar\u0131 aprelin 20-d\u0259 &ldquo;M\u0259hsul&rdquo; stadionunda aksiya ke&ccedil;irm\u0259k ist\u0259dikl\u0259rini bildiribl\u0259r. Meriyan\u0131n cavab\u0131nda qeyd olunub ki, yanvar\u0131n 19-da ke&ccedil;iril\u0259n mitinqd\u0259n sonra b\u0259zi toplant\u0131 i\u015ftirak&ccedil;\u0131lar\u0131 t\u0259r\u0259find\u0259n ictimai t\u0259hl&uuml;k\u0259sizlik \u0259leyhin\u0259 olan \u0259m\u0259ll\u0259r t&ouml;r\u0259dilm\u0259si \u015f\u0259h\u0259r sakinl\u0259rinin haql\u0131 naraz\u0131l\u0131\u011f\u0131na v\u0259 bununla ba\u011fl\u0131 Bak\u0131 \u015e\u0259h\u0259r \u0130cra Hakimiyy\u0259tin\u0259 &ccedil;oxsayl\u0131 \u015fikay\u0259t \u0259riz\u0259l\u0259ri g&ouml;nd\u0259rm\u0259l\u0259rin\u0259 s\u0259b\u0259b olub.<\/p>\n<p>H\u0259m&ccedil;inin mitinq i\u015ftirak&ccedil;\u0131lar\u0131n\u0131n polisin qanuni t\u0259l\u0259bl\u0259rin\u0259 qar\u015f\u0131 tabesizlik g&ouml;st\u0259rm\u0259l\u0259ri il\u0259 \u0259laq\u0259dar Bak\u0131 \u015e\u0259h\u0259r Ba\u015f Polis \u0130dar\u0259si t\u0259r\u0259find\u0259n Bak\u0131 \u015e\u0259h\u0259r \u0130cra Hakimiyy\u0259tin\u0259 m&uuml;vafiq m&uuml;raci\u0259tl\u0259r &uuml;nvanlan\u0131b.<br \/>\nBunlar\u0131 n\u0259z\u0259r\u0259 alaraq mitinqin ke&ccedil;irilm\u0259si m\u0259qs\u0259d\u0259uy\u011fun hesab edilm\u0259yib. \/Qafqazinfo.az<\/p>\n","protected":false},"excerpt":{"rendered":"<p>Bak\u0131 \u015e\u0259h\u0259r \u0130cra Hakimiyy\u0259ti Milli \u015euran\u0131n mitinq ke&ccedil;irm\u0259k ist\u0259yin\u0259 cavab verib. M\u015e &uuml;zvl\u0259rind\u0259n ibar\u0259t mitinq t\u0259\u015fkilat&ccedil;\u0131lar\u0131 aprelin 20-d\u0259 &ldquo;M\u0259hsul&rdquo; stadionunda aksiya ke&ccedil;irm\u0259k ist\u0259dikl\u0259rini bildiribl\u0259r. Meriyan\u0131n cavab\u0131nda qeyd olunub ki, yanvar\u0131n&hellip;<\/p>\n","protected":false},"author":1,"featured_media":251278,"comment_status":"open","ping_status":"open","sticky":false,"template":"","format":"standard","meta":{"_lmt_disableupdate":"","_lmt_disable":"","footnotes":""},"categories":[],"tags":[],"class_list":["post-78284","post","type-post","status-publish","format-standard","has-post-thumbnail","hentry"],"_links":{"self":[{"href":"https:\/\/ucnoqta.az\/index.php?rest_route=\/wp\/v2\/posts\/78284","targetHints":{"allow":["GET"]}}],"collection":[{"href":"https:\/\/ucnoqta.az\/index.php?rest_route=\/wp\/v2\/posts"}],"about":[{"href":"https:\/\/ucnoqta.az\/index.php?rest_route=\/wp\/v2\/types\/post"}],"author":[{"embeddable":true,"href":"https:\/\/ucnoqta.az\/index.php?rest_route=\/wp\/v2\/users\/1"}],"replies":[{"embeddable":true,"href":"https:\/\/ucnoqta.az\/index.php?rest_route=%2Fwp%2Fv2%2Fcomments&post=78284"}],"version-history":[{"count":0,"href":"https:\/\/ucnoqta.az\/index.php?rest_route=\/wp\/v2\/posts\/78284\/revisions"}],"wp:featuredmedia":[{"embeddable":true,"href":"https:\/\/ucnoqta.az\/index.php?rest_route=\/wp\/v2\/media\/251278"}],"wp:attachment":[{"href":"https:\/\/ucnoqta.az\/index.php?rest_route=%2Fwp%2Fv2%2Fmedia&parent=78284"}],"wp:term":[{"taxonomy":"category","embeddable":true,"href":"https:\/\/ucnoqta.az\/index.php?rest_route=%2Fwp%2Fv2%2Fcategories&post=78284"},{"taxonomy":"post_tag","embeddable":true,"href":"https:\/\/ucnoqta.az\/index.php?rest_route=%2Fwp%2Fv2%2Ftags&post=78284"}],"curies":[{"name":"wp","href":"https:\/\/api.w.org\/{rel}","templated":true}]}}