{"id":78283,"date":"2019-04-17T20:37:36","date_gmt":"2019-04-17T16:37:36","guid":{"rendered":""},"modified":"-0001-11-30T00:00:00","modified_gmt":"-0001-11-29T20:00:00","slug":"","status":"publish","type":"post","link":"https:\/\/ucnoqta.az\/?p=78283","title":{"rendered":"\u015eeyx \u0130lham \u018fliyev\u0259 t\u0259\u015f\u0259kk\u00fcr etdi"},"content":{"rendered":"<p><strong>Qafqaz M&uuml;s\u0259lmanlar\u0131 \u0130dar\u0259sinin s\u0259dri \u015eeyx&uuml;lislam Allah\u015f&uuml;k&uuml;r Pa\u015fazad\u0259 Az\u0259rbaycan Respublikas\u0131n\u0131n Prezidenti \u0130lham \u018fliyev\u0259 m\u0259ktub &uuml;nvanlay\u0131b.<\/strong><\/p>\n<p>M\u0259ktubda qeyd edilir:<\/p>\n<p>&quot;M&ouml;ht\u0259r\u0259m c\u0259nab Prezident.<\/p>\n<p>Qafqaz b&ouml;lg\u0259si dindarlar\u0131n\u0131n, dini icma v\u0259 konfessiya r\u0259hb\u0259rl\u0259rinin arzu v\u0259 irad\u0259sini ifad\u0259 ed\u0259r\u0259k Siz\u0259 &#8211; Az\u0259rbaycan xalq\u0131n\u0131n l\u0259yaq\u0259tli o\u011fluna, d&ouml;vl\u0259timizin r\u0259hb\u0259rin\u0259 v\u0259 d&uuml;nyan\u0131n tan\u0131nm\u0131\u015f siyasi xadimin\u0259 salamlar\u0131m\u0131 v\u0259 t\u0259\u015f\u0259kk&uuml;rl\u0259rimi &uuml;nvanlay\u0131ram. Bu t\u0259\u015f\u0259kk&uuml;r borcum 70 illik yubileyim v\u0259 \u015eeyx&uuml;lislam kimi f\u0259aliyy\u0259t\u0259 ba\u015flama\u011f\u0131m\u0131n 40 illiyi m&uuml;nasib\u0259til\u0259 Zati-alil\u0259riniz t\u0259r\u0259find\u0259n veril\u0259n ali q\u0259rar\u0131n\u0131za v\u0259 S\u0259r\u0259ncam\u0131n\u0131za g&ouml;r\u0259dir. M\u0259n bu S\u0259r\u0259ncam\u0131n\u0131z\u0131 h\u0259m \u015f\u0259xsim\u0259, h\u0259m d\u0259 Az\u0259rbaycan dindarlar\u0131na olan y&uuml;ks\u0259k h&ouml;rm\u0259t v\u0259 etimad\u0131n g&ouml;st\u0259ricisi kimi q\u0259bul edir\u0259m. Zati-alil\u0259rinizin say\u0259sind\u0259 nail oldu\u011fumuz h\u0259r bir u\u011fur d&uuml;nya m&uuml;s\u0259lmanlar\u0131n\u0131n, Az\u0259rbaycan ictimaiyy\u0259tinin v\u0259 dini m&uuml;hitimizin n\u0259z\u0259rind\u0259 \u0259lam\u0259tdar v\u0259 tarixi hadis\u0259y\u0259 &ccedil;evrilir. &Ccedil;&uuml;nki d&uuml;nya Sizin siman\u0131zda &ouml;z &ouml;lk\u0259sini h\u0259rt\u0259r\u0259fli inki\u015faf m\u0259rt\u0259b\u0259sin\u0259 qald\u0131ran, multikulturalizm ideyalar\u0131 v\u0259 dini-m\u0259d\u0259ni m&uuml;hitin inki\u015faf\u0131n\u0131 t\u0259min ed\u0259n, sosial-iqtisadi islahatlar\u0131 il\u0259 xalq-d&ouml;vl\u0259t birliyini m&ouml;hk\u0259ml\u0259ndir\u0259n d&ouml;vl\u0259t r\u0259hb\u0259rini g&ouml;r&uuml;r. XXI \u0259srd\u0259 b\u0259\u015f\u0259riyy\u0259tin m\u0259n\u0259vi ehtiyac duydu\u011fu v\u0259 zaman\u0131n t\u0259l\u0259bl\u0259rin\u0259 cavab ver\u0259n qlobal ideyalar\u0131n\u0131z say\u0259sind\u0259 Az\u0259rbaycan\u0131n ad\u0131 tarixin s\u0259hif\u0259l\u0259rin\u0259 t\u0259r\u0259qqi v\u0259 intibah m\u0259kan\u0131 kimi yaz\u0131l\u0131r.<\/p>\n<p>Sizin milli v\u0259 dini d\u0259y\u0259rl\u0259r\u0259 verdiyiniz &ouml;n\u0259mi t\u0259kc\u0259 Az\u0259rbaycan xalq\u0131 deyil, d&uuml;nya ictimaiyy\u0259ti v\u0259 m&uuml;xt\u0259lif dinl\u0259rin liderl\u0259ri d\u0259 y&uuml;ks\u0259k qiym\u0259tl\u0259ndirmi\u015f v\u0259 &ldquo;D&uuml;nya dini liderl\u0259rinin II Bak\u0131 sammiti&rdquo;nin ke&ccedil;irilm\u0259si m&uuml;nasib\u0259til\u0259 m\u0259n\u0259 &uuml;nvanlad\u0131qlar\u0131 t\u0259brikl\u0259rd\u0259 Zati-alil\u0259riniz\u0259 minn\u0259tdarl\u0131qlar\u0131n\u0131 b\u0259yan etm\u0259yi rica etmi\u015fl\u0259r. Az\u0259rbaycandak\u0131 din-d&ouml;vl\u0259t m&uuml;nasib\u0259tl\u0259ri, multikulturalizm v\u0259 tolerantl\u0131q \u0259n\u0259n\u0259l\u0259ri, etiqad azadl\u0131\u011f\u0131n\u0131n t\u0259min olunmas\u0131 m&uuml;drik siyas\u0259tin n&uuml;mun\u0259si kimi t\u0259kc\u0259 Qafqaz b&ouml;lg\u0259sind\u0259 deyil, b&uuml;t&uuml;n beyn\u0259lxalq al\u0259md\u0259 y&uuml;ks\u0259k qiym\u0259tl\u0259ndirilir. Bu sars\u0131lmaz m\u0259n\u0259vi b&uuml;n&ouml;vr\u0259nin t\u0259m\u0259li &uuml;mummilli lider Heyd\u0259r \u018fliyev t\u0259r\u0259find\u0259n qoyulmu\u015f v\u0259 Zati-alil\u0259rinizin s\u0259yl\u0259ri il\u0259 u\u011furla davam etdirilmi\u015fdir. Biz din xadiml\u0259ri Az\u0259rbaycanda Sizin s\u0259yl\u0259rinizl\u0259 t\u0259\u015f\u0259kk&uuml;l tapan m\u0259d\u0259niyy\u0259tl\u0259r v\u0259 sivilizasiyalar aras\u0131nda dialoqun dinamik inki\u015faf\u0131na m&uuml;sb\u0259t t\u0259sir g&ouml;st\u0259r\u0259n b&uuml;t&uuml;n s\u0259yl\u0259ri b\u0259y\u0259nirik v\u0259 g\u0259l\u0259c\u0259kd\u0259 davam etdirm\u0259k niyy\u0259tind\u0259yik. Zati-alil\u0259rinizin 2019-cu ili b&ouml;y&uuml;k \u0130slam m&uuml;t\u0259f\u0259kkiri, irfan filosofu v\u0259 sufi \u015fairi N\u0259siminin \u015f\u0259r\u0259fin\u0259 &ldquo;\u0130mad\u0259ddin N\u0259simi ili&rdquo; elan etm\u0259si d\u0259 Az\u0259rbaycan\u0131n d&uuml;nya m\u0259d\u0259niyy\u0259tin\u0259 b\u0259x\u015f etdiyi t&ouml;hf\u0259l\u0259rin parlaq n&uuml;mun\u0259sidir v\u0259 dini m&uuml;hitd\u0259 y&uuml;ks\u0259k t\u0259qdirl\u0259 qar\u015f\u0131lan\u0131r.<\/p>\n<p>Zati-alil\u0259ri, 40 ildir ki, \u015eeyx&uuml;lislam olaraq Qafqaz M&uuml;s\u0259lmanlar\u0131 \u0130dar\u0259sini ulu &ouml;nd\u0259r Heyd\u0259r \u018fliyevin xeyir-duas\u0131 il\u0259 onun \u0259man\u0259ti kimi qorumu\u015f, Sizin h&uuml;sn-r\u0259\u011fb\u0259tiniz v\u0259 maddi-m\u0259n\u0259vi d\u0259st\u0259yinizl\u0259 d&uuml;nyan\u0131n tan\u0131nm\u0131\u015f dini t\u0259\u015fkilat\u0131 s\u0259viyy\u0259sin\u0259 qald\u0131r\u0131lmas\u0131na &ccedil;al\u0131\u015fm\u0131\u015fam. Bu ill\u0259r \u0259rzind\u0259 Zati-alil\u0259rinizin \u015f\u0259xsim\u0259 olan h&ouml;rm\u0259t v\u0259 diqq\u0259ti, &ouml;z\u0259l m&uuml;nasib\u0259ti, iftar m\u0259clisl\u0259rind\u0259 v\u0259 t\u0259dbirl\u0259rd\u0259 f\u0259aliyy\u0259tim bar\u0259d\u0259 d\u0259y\u0259rli s&ouml;zl\u0259riniz m\u0259nim &uuml;&ccedil;&uuml;n \u0259n qiym\u0259tli h\u0259diyy\u0259 olubdur. Bu g&uuml;n d\u0259 hesab edir\u0259m ki, harada d&ouml;vl\u0259t v\u0259 din birliyi varsa, orada d&ouml;vl\u0259tin v\u0259 xalq\u0131n siyasi, iqtisadi v\u0259 m\u0259n\u0259vi rifah\u0131 &uuml;&ccedil;&uuml;n t\u0259minat var. M\u0259n Sizin siyas\u0259tinizi t\u0259qdir ed\u0259r\u0259k h\u0259r zaman yan\u0131n\u0131zdayam. Zati-alil\u0259rinizin m\u0259ni dost v\u0259 qarda\u015f adland\u0131rmas\u0131n\u0131 &ouml;z&uuml;m &uuml;&ccedil;&uuml;n \u0259n b&ouml;y&uuml;k m&uuml;kafat hesab edir\u0259m, &ouml;mr&uuml;m boyu Siz\u0259 v\u0259 b&uuml;t&uuml;n ail\u0259niz\u0259 Allahdan xeyir-dualar dil\u0259yir\u0259m.<\/p>\n<p>Biz dindarlar \u0259minik ki, Uca Yaradan\u0131n k&ouml;m\u0259yi v\u0259 Sizin r\u0259hb\u0259rliyinizl\u0259 Az\u0259rbaycan xalq\u0131 d&uuml;nya miqyas\u0131nda daha b&ouml;y&uuml;k u\u011furlara imza atacaq, \u0259z\u0259li torpa\u011f\u0131m\u0131z olan Qaraba\u011f\u0131n azadl\u0131\u011f\u0131 namin\u0259 haqq\u0131n qalibiyy\u0259ti daim Zati-alil\u0259rinizl\u0259 olacaqd\u0131r. Bu, bizim &uuml;midimiz v\u0259 Siz\u0259 &uuml;nvanlanan dualar\u0131m\u0131zd\u0131r.<\/p>\n<p>Allah-t\u0259ala h\u0259r zaman yard\u0131m&ccedil;\u0131n\u0131z olsun! Amin&quot;.<\/p>\n","protected":false},"excerpt":{"rendered":"<p>Qafqaz M&uuml;s\u0259lmanlar\u0131 \u0130dar\u0259sinin s\u0259dri \u015eeyx&uuml;lislam Allah\u015f&uuml;k&uuml;r Pa\u015fazad\u0259 Az\u0259rbaycan Respublikas\u0131n\u0131n Prezidenti \u0130lham \u018fliyev\u0259 m\u0259ktub &uuml;nvanlay\u0131b. M\u0259ktubda qeyd edilir: &quot;M&ouml;ht\u0259r\u0259m c\u0259nab Prezident. Qafqaz b&ouml;lg\u0259si dindarlar\u0131n\u0131n, dini icma v\u0259 konfessiya r\u0259hb\u0259rl\u0259rinin arzu v\u0259&hellip;<\/p>\n","protected":false},"author":1,"featured_media":251278,"comment_status":"open","ping_status":"open","sticky":false,"template":"","format":"standard","meta":{"_lmt_disableupdate":"","_lmt_disable":"","footnotes":""},"categories":[],"tags":[],"class_list":["post-78283","post","type-post","status-publish","format-standard","has-post-thumbnail","hentry"],"_links":{"self":[{"href":"https:\/\/ucnoqta.az\/index.php?rest_route=\/wp\/v2\/posts\/78283","targetHints":{"allow":["GET"]}}],"collection":[{"href":"https:\/\/ucnoqta.az\/index.php?rest_route=\/wp\/v2\/posts"}],"about":[{"href":"https:\/\/ucnoqta.az\/index.php?rest_route=\/wp\/v2\/types\/post"}],"author":[{"embeddable":true,"href":"https:\/\/ucnoqta.az\/index.php?rest_route=\/wp\/v2\/users\/1"}],"replies":[{"embeddable":true,"href":"https:\/\/ucnoqta.az\/index.php?rest_route=%2Fwp%2Fv2%2Fcomments&post=78283"}],"version-history":[{"count":0,"href":"https:\/\/ucnoqta.az\/index.php?rest_route=\/wp\/v2\/posts\/78283\/revisions"}],"wp:featuredmedia":[{"embeddable":true,"href":"https:\/\/ucnoqta.az\/index.php?rest_route=\/wp\/v2\/media\/251278"}],"wp:attachment":[{"href":"https:\/\/ucnoqta.az\/index.php?rest_route=%2Fwp%2Fv2%2Fmedia&parent=78283"}],"wp:term":[{"taxonomy":"category","embeddable":true,"href":"https:\/\/ucnoqta.az\/index.php?rest_route=%2Fwp%2Fv2%2Fcategories&post=78283"},{"taxonomy":"post_tag","embeddable":true,"href":"https:\/\/ucnoqta.az\/index.php?rest_route=%2Fwp%2Fv2%2Ftags&post=78283"}],"curies":[{"name":"wp","href":"https:\/\/api.w.org\/{rel}","templated":true}]}}