{"id":78279,"date":"2019-04-17T19:34:23","date_gmt":"2019-04-17T15:34:23","guid":{"rendered":""},"modified":"-0001-11-30T00:00:00","modified_gmt":"-0001-11-29T20:00:00","slug":"","status":"publish","type":"post","link":"https:\/\/ucnoqta.az\/?p=78279","title":{"rendered":"Az\u0259rbaycanl\u0131 polkovnik\u0259 AB\u015e ordusunda y\u00fcks\u0259k v\u0259zif\u0259 verildi"},"content":{"rendered":"<p><strong>AB\u015e H\u0259rbi D\u0259niz Q&uuml;vv\u0259l\u0259rind\u0259 polkovnik-leytenant r&uuml;tb\u0259si il\u0259 xidm\u0259td\u0259 olan &quot;John&rdquo; l\u0259q\u0259bli h\u0259myerlimiz&nbsp;N\u0259imi \u018fmiral&nbsp;AB\u015e M&uuml;dafi\u0259 Departamentinin F-35 Be\u015finci N\u0259sil D&ouml;y&uuml;\u015f T\u0259yyar\u0259l\u0259ri Ba\u015f Ofisind\u0259 T&uuml;rkiy\u0259 Proqram\u0131 Meneceri t\u0259yin edilib.<\/strong><\/p>\n<p>Ucnoqta.az x\u0259b\u0259r verir ki, bu bar\u0259d\u0259 publika.az-a diaspor &uuml;zr\u0259 ara\u015fd\u0131rma&ccedil;\u0131-ekspert Elnur Elt&uuml;rk m\u0259lumat verib.<\/p>\n<p>Xat\u0131rladaq ki, h\u0259myerlimiz eyni zamanda F-35 Ba\u015f Ofisind\u0259 Partnyorlarla \u018flaq\u0259 v\u0259 Xarici Sat\u0131\u015flar \u015e&ouml;b\u0259sind\u0259 \u015etab komandiridir. Bir ne&ccedil;\u0259 g&uuml;n bundan \u0259vv\u0259l Az\u0259rbaycan \u0259silli komandir Amerikada s\u0259f\u0259rd\u0259 olan T&uuml;rkiy\u0259 M&uuml;dafi\u0259 naziri general&nbsp;Hulusu Akarla&nbsp;v\u0259 T&uuml;rkiy\u0259 Prezidentinin s&ouml;z&ccedil;&uuml;s&uuml;&nbsp;\u0130brahim Kal\u0131nla&nbsp;da g&ouml;r&uuml;\u015f&uuml;b.<br \/>\n&nbsp;<\/p>\n","protected":false},"excerpt":{"rendered":"<p>AB\u015e H\u0259rbi D\u0259niz Q&uuml;vv\u0259l\u0259rind\u0259 polkovnik-leytenant r&uuml;tb\u0259si il\u0259 xidm\u0259td\u0259 olan &quot;John&rdquo; l\u0259q\u0259bli h\u0259myerlimiz&nbsp;N\u0259imi \u018fmiral&nbsp;AB\u015e M&uuml;dafi\u0259 Departamentinin F-35 Be\u015finci N\u0259sil D&ouml;y&uuml;\u015f T\u0259yyar\u0259l\u0259ri Ba\u015f Ofisind\u0259 T&uuml;rkiy\u0259 Proqram\u0131 Meneceri t\u0259yin edilib. Ucnoqta.az x\u0259b\u0259r verir&hellip;<\/p>\n","protected":false},"author":1,"featured_media":251278,"comment_status":"open","ping_status":"open","sticky":false,"template":"","format":"standard","meta":{"_lmt_disableupdate":"","_lmt_disable":"","footnotes":""},"categories":[],"tags":[],"class_list":["post-78279","post","type-post","status-publish","format-standard","has-post-thumbnail","hentry"],"_links":{"self":[{"href":"https:\/\/ucnoqta.az\/index.php?rest_route=\/wp\/v2\/posts\/78279","targetHints":{"allow":["GET"]}}],"collection":[{"href":"https:\/\/ucnoqta.az\/index.php?rest_route=\/wp\/v2\/posts"}],"about":[{"href":"https:\/\/ucnoqta.az\/index.php?rest_route=\/wp\/v2\/types\/post"}],"author":[{"embeddable":true,"href":"https:\/\/ucnoqta.az\/index.php?rest_route=\/wp\/v2\/users\/1"}],"replies":[{"embeddable":true,"href":"https:\/\/ucnoqta.az\/index.php?rest_route=%2Fwp%2Fv2%2Fcomments&post=78279"}],"version-history":[{"count":0,"href":"https:\/\/ucnoqta.az\/index.php?rest_route=\/wp\/v2\/posts\/78279\/revisions"}],"wp:featuredmedia":[{"embeddable":true,"href":"https:\/\/ucnoqta.az\/index.php?rest_route=\/wp\/v2\/media\/251278"}],"wp:attachment":[{"href":"https:\/\/ucnoqta.az\/index.php?rest_route=%2Fwp%2Fv2%2Fmedia&parent=78279"}],"wp:term":[{"taxonomy":"category","embeddable":true,"href":"https:\/\/ucnoqta.az\/index.php?rest_route=%2Fwp%2Fv2%2Fcategories&post=78279"},{"taxonomy":"post_tag","embeddable":true,"href":"https:\/\/ucnoqta.az\/index.php?rest_route=%2Fwp%2Fv2%2Ftags&post=78279"}],"curies":[{"name":"wp","href":"https:\/\/api.w.org\/{rel}","templated":true}]}}