{"id":78273,"date":"2019-04-17T16:57:16","date_gmt":"2019-04-17T12:57:16","guid":{"rendered":""},"modified":"-0001-11-30T00:00:00","modified_gmt":"-0001-11-29T20:00:00","slug":"","status":"publish","type":"post","link":"https:\/\/ucnoqta.az\/?p=78273","title":{"rendered":"Avstriyada erm\u0259nil\u0259r az\u0259rbaycanl\u0131lara h\u00fccum edibl\u0259r"},"content":{"rendered":"<p><strong>Avstriyan\u0131n Litsen \u015f\u0259h\u0259rind\u0259 az\u0259rbaycanl\u0131 g\u0259ncl\u0259r\u0259 h&uuml;cum olub, 22 ya\u015fl\u0131 Mirz\u0259yev Da\u015fq\u0131n v\u0259 20 ya\u015fl\u0131 Ayd\u0131ni Qo\u015fqar adl\u0131 az\u0259rbaycanl\u0131lar x\u0259sar\u0259t al\u0131blar.<\/strong><\/p>\n<p>&nbsp;Aprelin 13-&uuml; ax\u015fam saatlar\u0131nda \u015f\u0259h\u0259rin m\u0259rk\u0259zind\u0259ki kafel\u0259rin birind\u0259n &ccedil;\u0131xan az\u0259rbaycanl\u0131 g\u0259ncl\u0259r park etdikl\u0259ri yerd\u0259n avtombill\u0259rini &ccedil;\u0131xardan zaman mane\u0259 il\u0259 &uuml;zl\u0259\u015fibl\u0259r<br \/>\nBel\u0259 ki, bu zaman ba\u015fqa bir avtomobil h\u0259min yer\u0259 yax\u0131nla\u015f\u0131b. Az\u0259rbaycanl\u0131 g\u0259ncl\u0259r yerl\u0259rind\u0259n &ccedil;\u0131xmaq &uuml;&ccedil;&uuml;n yax\u0131nla\u015fan avtombild\u0259n imkan verm\u0259l\u0259rini ist\u0259yibl\u0259r.<\/p>\n<p>Anla\u015fmazl\u0131q n\u0259tic\u0259sind\u0259 m&uuml;bahis\u0259 yaran\u0131b. Qar\u015f\u0131 avtomobild\u0259n d&uuml;\u015f\u0259n 4 n\u0259f\u0259r onlar\u0131n az\u0259rbaycanl\u0131 oldu\u011funu bilib, etnik z\u0259mind\u0259 t\u0259hqir ya\u011fd\u0131raraq Qaraba\u011f erm\u0259nil\u0259ri olduqlar\u0131n\u0131 gizl\u0259tm\u0259yibl\u0259r. N\u0259tic\u0259d\u0259 \u0259lb\u0259yaxa dava d&uuml;\u015f&uuml;b, qeyri-b\u0259rab\u0259r g&uuml;c qar\u015f\u0131s\u0131nda az\u0259rbaycanl\u0131 g\u0259ncl\u0259r y&uuml;ng&uuml;l x\u0259sar\u0259t al\u0131blar. Erm\u0259nil\u0259r hadis\u0259 yerind\u0259n qa&ccedil;\u0131blar.\/report<\/p>\n","protected":false},"excerpt":{"rendered":"<p>Avstriyan\u0131n Litsen \u015f\u0259h\u0259rind\u0259 az\u0259rbaycanl\u0131 g\u0259ncl\u0259r\u0259 h&uuml;cum olub, 22 ya\u015fl\u0131 Mirz\u0259yev Da\u015fq\u0131n v\u0259 20 ya\u015fl\u0131 Ayd\u0131ni Qo\u015fqar adl\u0131 az\u0259rbaycanl\u0131lar x\u0259sar\u0259t al\u0131blar. &nbsp;Aprelin 13-&uuml; ax\u015fam saatlar\u0131nda \u015f\u0259h\u0259rin m\u0259rk\u0259zind\u0259ki kafel\u0259rin birind\u0259n &ccedil;\u0131xan az\u0259rbaycanl\u0131&hellip;<\/p>\n","protected":false},"author":1,"featured_media":251278,"comment_status":"open","ping_status":"open","sticky":false,"template":"","format":"standard","meta":{"_lmt_disableupdate":"","_lmt_disable":"","footnotes":""},"categories":[],"tags":[],"class_list":["post-78273","post","type-post","status-publish","format-standard","has-post-thumbnail","hentry"],"_links":{"self":[{"href":"https:\/\/ucnoqta.az\/index.php?rest_route=\/wp\/v2\/posts\/78273","targetHints":{"allow":["GET"]}}],"collection":[{"href":"https:\/\/ucnoqta.az\/index.php?rest_route=\/wp\/v2\/posts"}],"about":[{"href":"https:\/\/ucnoqta.az\/index.php?rest_route=\/wp\/v2\/types\/post"}],"author":[{"embeddable":true,"href":"https:\/\/ucnoqta.az\/index.php?rest_route=\/wp\/v2\/users\/1"}],"replies":[{"embeddable":true,"href":"https:\/\/ucnoqta.az\/index.php?rest_route=%2Fwp%2Fv2%2Fcomments&post=78273"}],"version-history":[{"count":0,"href":"https:\/\/ucnoqta.az\/index.php?rest_route=\/wp\/v2\/posts\/78273\/revisions"}],"wp:featuredmedia":[{"embeddable":true,"href":"https:\/\/ucnoqta.az\/index.php?rest_route=\/wp\/v2\/media\/251278"}],"wp:attachment":[{"href":"https:\/\/ucnoqta.az\/index.php?rest_route=%2Fwp%2Fv2%2Fmedia&parent=78273"}],"wp:term":[{"taxonomy":"category","embeddable":true,"href":"https:\/\/ucnoqta.az\/index.php?rest_route=%2Fwp%2Fv2%2Fcategories&post=78273"},{"taxonomy":"post_tag","embeddable":true,"href":"https:\/\/ucnoqta.az\/index.php?rest_route=%2Fwp%2Fv2%2Ftags&post=78273"}],"curies":[{"name":"wp","href":"https:\/\/api.w.org\/{rel}","templated":true}]}}