{"id":78263,"date":"2019-04-17T14:54:58","date_gmt":"2019-04-17T10:54:58","guid":{"rendered":""},"modified":"-0001-11-30T00:00:00","modified_gmt":"-0001-11-29T20:00:00","slug":"","status":"publish","type":"post","link":"https:\/\/ucnoqta.az\/?p=78263","title":{"rendered":"<b>Bak\u0131dak\u0131 bir s\u0131ra yeralt\u0131 ke\u00e7idl\u0259rd\u0259 eskalatorlar i\u015fl\u0259mir<font color=red> &#8211; V\u0130DEO<\/font><\/b>"},"content":{"rendered":"<p><strong>Son ill\u0259r Bak\u0131da in\u015fa edilmi\u015f yeralt\u0131 ke&ccedil;idl\u0259rin \u0259ks\u0259riyy\u0259t eskalatorla t\u0259chiz edils\u0259, onlar\u0131n bir qismi i\u015fl\u0259mir.<\/strong><\/p>\n<p>Ucnoqta.az &quot;Report&quot;a istinad\u0259n x\u0259b\u0259r verir ki, bu kimi hallara paytaxt\u0131n b&uuml;t&uuml;n \u0259razil\u0259rind\u0259, o c&uuml;ml\u0259d\u0259n F&uuml;zuli v\u0259 Yusif S\u0259f\u0259rov k&uuml;&ccedil;\u0259l\u0259rind\u0259 v\u0259 Bak\u0131n\u0131n dig\u0259r \u0259razil\u0259rind\u0259 rast g\u0259lm\u0259k olar. Eskalatorlar\u0131n i\u015fl\u0259m\u0259m\u0259si ham\u0131ya, x&uuml;susil\u0259 d\u0259 ya\u015fl\u0131 insanlara &ccedil;\u0259tinlik yarad\u0131r. Son n\u0259tic\u0259d\u0259 insanlar yeralt\u0131 ke&ccedil;idl\u0259rd\u0259n istifad\u0259 etm\u0259m\u0259y\u0259, n\u0259qliyyat vasit\u0259l\u0259rinin s\u0131x oldu\u011fu yollarla h\u0259r\u0259k\u0259t etm\u0259y\u0259 &uuml;st&uuml;nl&uuml;k verirl\u0259r. Bu is\u0259 t\u0259hl&uuml;k\u0259sizlik qaydalar\u0131na ziddir.<\/p>\n<p>M\u0259s\u0259l\u0259 il\u0259 ba\u011fl\u0131 a&ccedil;\u0131qlama ver\u0259n Az\u0259rbaycan Avtomobil Yollar\u0131 D&ouml;vl\u0259t Agentliyinin m\u0259tbuat xidm\u0259tinin r\u0259hb\u0259ri Anar N\u0259c\u0259fli bildirib ki, n\u0259zar\u0259t&ccedil;il\u0259r eskalatorlara g&uuml;nd\u0259lik bax\u0131\u015f ke&ccedil;irirl\u0259r: &ldquo;Eskalatorun t\u0259miri m&uuml;mk&uuml;ns\u0259, bu h\u0259yata ke&ccedil;irilir v\u0259 q\u0131sa m&uuml;dd\u0259t \u0259rzind\u0259 i\u015fl\u0259k v\u0259ziyy\u0259t\u0259 sal\u0131n\u0131r. Lakin t\u0259miri m&uuml;mk&uuml;n deyils\u0259, sifari\u015f verilir v\u0259 eskalatorun ehtiyat hiss\u0259si g\u0259tirilir. F&uuml;zuli k&uuml;&ccedil;\u0259sind\u0259 6 eskalator i\u015fl\u0259mirdi, bunlardan 4-&uuml; t\u0259mir olunub, 2-d\u0259 problem var v\u0259 bu problem yax\u0131n m&uuml;dd\u0259t \u0259rzind\u0259 aradan qald\u0131r\u0131lacaq. Ehtiyat hiss\u0259si sifari\u015f verilib&rdquo;.<\/p>\n<p>A.N\u0259c\u0259fli bildirib ki, bu ilin mart\u0131n sonuna olan g&ouml;st\u0259riciy\u0259 \u0259sas\u0259n Bak\u0131da 30-a yax\u0131n yerd\u0259 eskalatorlar s\u0131radan &ccedil;\u0131xm\u0131\u015fd\u0131: &ldquo;Bunun 22-si t\u0259mir edilib. Haz\u0131rda bir ne&ccedil;\u0259sinin t\u0259miri h\u0259yata ke&ccedil;irilir, b\u0259zil\u0259rinin is\u0259 ehtiyat hiss\u0259l\u0259rini g&ouml;zl\u0259yirik&rdquo;.<\/p>\n<p>O, eskalatorlar\u0131n s\u0131radan &ccedil;\u0131xmas\u0131n\u0131n s\u0259b\u0259bi bar\u0259d\u0259 dan\u0131\u015f\u0131b: &ldquo;A&ccedil;\u0131q hava \u015f\u0259raitind\u0259 o c&uuml;r eskalatorlar\u0131n qura\u015fd\u0131r\u0131lmas\u0131 d&uuml;zg&uuml;n deyil. Bunlar uzunm&uuml;dd\u0259t a&ccedil;\u0131q hava \u015f\u0259ratind\u0259 f\u0259aliyy\u0259t g&ouml;st\u0259rm\u0259k &uuml;&ccedil;&uuml;n n\u0259z\u0259rd\u0259 tutulmay\u0131b. Ya\u011f\u0131\u015fl\u0131-qarl\u0131 hava \u015f\u0259raitind\u0259 eskalatorun h\u0259r hans\u0131 bir hiss\u0259si s\u0131radan &ccedil;\u0131xa bil\u0259r&rdquo;.<\/p>\n<p>&nbsp;<\/p>\n<p><iframe allow=\"accelerometer; autoplay; encrypted-media; gyroscope; picture-in-picture\" allowfullscreen=\"\" frameborder=\"0\" height=\"375\" src=\"https:\/\/www.youtube.com\/embed\/BqtqrNhCW9o\" width=\"668\"><\/iframe><\/p>\n","protected":false},"excerpt":{"rendered":"<p>Son ill\u0259r Bak\u0131da in\u015fa edilmi\u015f yeralt\u0131 ke&ccedil;idl\u0259rin \u0259ks\u0259riyy\u0259t eskalatorla t\u0259chiz edils\u0259, onlar\u0131n bir qismi i\u015fl\u0259mir. Ucnoqta.az &quot;Report&quot;a istinad\u0259n x\u0259b\u0259r verir ki, bu kimi hallara paytaxt\u0131n b&uuml;t&uuml;n \u0259razil\u0259rind\u0259, o c&uuml;ml\u0259d\u0259n F&uuml;zuli&hellip;<\/p>\n","protected":false},"author":1,"featured_media":251278,"comment_status":"open","ping_status":"open","sticky":false,"template":"","format":"standard","meta":{"_lmt_disableupdate":"","_lmt_disable":"","footnotes":""},"categories":[91],"tags":[],"class_list":["post-78263","post","type-post","status-publish","format-standard","has-post-thumbnail","hentry","category-olkeici"],"_links":{"self":[{"href":"https:\/\/ucnoqta.az\/index.php?rest_route=\/wp\/v2\/posts\/78263","targetHints":{"allow":["GET"]}}],"collection":[{"href":"https:\/\/ucnoqta.az\/index.php?rest_route=\/wp\/v2\/posts"}],"about":[{"href":"https:\/\/ucnoqta.az\/index.php?rest_route=\/wp\/v2\/types\/post"}],"author":[{"embeddable":true,"href":"https:\/\/ucnoqta.az\/index.php?rest_route=\/wp\/v2\/users\/1"}],"replies":[{"embeddable":true,"href":"https:\/\/ucnoqta.az\/index.php?rest_route=%2Fwp%2Fv2%2Fcomments&post=78263"}],"version-history":[{"count":0,"href":"https:\/\/ucnoqta.az\/index.php?rest_route=\/wp\/v2\/posts\/78263\/revisions"}],"wp:featuredmedia":[{"embeddable":true,"href":"https:\/\/ucnoqta.az\/index.php?rest_route=\/wp\/v2\/media\/251278"}],"wp:attachment":[{"href":"https:\/\/ucnoqta.az\/index.php?rest_route=%2Fwp%2Fv2%2Fmedia&parent=78263"}],"wp:term":[{"taxonomy":"category","embeddable":true,"href":"https:\/\/ucnoqta.az\/index.php?rest_route=%2Fwp%2Fv2%2Fcategories&post=78263"},{"taxonomy":"post_tag","embeddable":true,"href":"https:\/\/ucnoqta.az\/index.php?rest_route=%2Fwp%2Fv2%2Ftags&post=78263"}],"curies":[{"name":"wp","href":"https:\/\/api.w.org\/{rel}","templated":true}]}}