{"id":78262,"date":"2019-04-17T14:51:00","date_gmt":"2019-04-17T10:51:00","guid":{"rendered":""},"modified":"-0001-11-30T00:00:00","modified_gmt":"-0001-11-29T20:00:00","slug":"","status":"publish","type":"post","link":"https:\/\/ucnoqta.az\/?p=78262","title":{"rendered":"Elmar M\u0259mm\u0259dyarov Pol\u015fan\u0131n xarici i\u015fl\u0259r naziri il\u0259 g\u00f6r\u00fc\u015f\u00fcb"},"content":{"rendered":"<p><strong>Pol\u015fa Respublikas\u0131na r\u0259smi s\u0259f\u0259ri &ccedil;\u0259r&ccedil;iv\u0259sind\u0259 nazir Elmar M\u0259mm\u0259dyarov Pol\u015fa Respublikas\u0131n\u0131n xarici i\u015fl\u0259r naziri Ya&ccedil;ek &Ccedil;aputovi&ccedil; il\u0259 g&ouml;r&uuml;\u015f&uuml;b.<\/strong><\/p>\n<p>Nazir Elmar M\u0259mm\u0259dyarovla pol\u015fal\u0131 nazir aras\u0131nda ke&ccedil;iril\u0259n t\u0259kb\u0259t\u0259k g&ouml;r&uuml;\u015fd\u0259n sonra t\u0259r\u0259fl\u0259r geni\u015f t\u0259rkibli n&uuml;may\u0259nd\u0259 hey\u0259tl\u0259rinin i\u015ftirak\u0131 il\u0259 g&ouml;r&uuml;\u015f&uuml; davam etdirdil\u0259r. X\u0130N-d\u0259n Ucnoqta.az-a veril\u0259n m\u0259lumata g&ouml;r\u0259, ilk &ouml;nc\u0259, Erm\u0259nistan-Az\u0259rbaycan Da\u011fl\u0131q Qaraba\u011f m&uuml;naqi\u015f\u0259sinin h\u0259lli il\u0259 ba\u011fl\u0131 apar\u0131lan dan\u0131\u015f\u0131qlar prosesi haqq\u0131nda m\u0259lumat ver\u0259n nazir Elmar M\u0259mm\u0259dyarov m&uuml;naqi\u015f\u0259nin beyn\u0259lxalq h&uuml;ququn prinsipl\u0259ri v\u0259 BMT T\u0259hl&uuml;k\u0259sizlik \u015euras\u0131n\u0131n q\u0259tnam\u0259l\u0259ri \u0259sas\u0131nda h\u0259llinin vacibliyini diqq\u0259t\u0259 &ccedil;atd\u0131rd\u0131.<\/p>\n<p>Erm\u0259nistan silahl\u0131 q&uuml;vv\u0259l\u0259rinin i\u015f\u011fal olunmu\u015f Az\u0259rbaycan torpaqlar\u0131ndan &ccedil;\u0131xar\u0131lmas\u0131n\u0131n z\u0259ruriliyini vur\u011fulayan nazir Elmar M\u0259mm\u0259dyarov Pol\u015fan\u0131n Az\u0259rbaycan\u0131n \u0259razi b&uuml;t&ouml;vl&uuml;y&uuml; v\u0259 suverenliyini d\u0259st\u0259kl\u0259diyin\u0259 g&ouml;r\u0259 h\u0259mkar\u0131na t\u0259\u015f\u0259kk&uuml;n&uuml; bildirdi.<\/p>\n<p>Eyni zamanda, Az\u0259rbaycan\u0131n i\u015ftirak\u0131 v\u0259 t\u0259\u015f\u0259bb&uuml;s&uuml; il\u0259 h\u0259yata ke&ccedil;iril\u0259n m&uuml;h&uuml;m enerji v\u0259 infrastuktur layih\u0259l\u0259ri haqq\u0131nda m\u0259lumat ver\u0259n nazir Elmar M\u0259mm\u0259dyarov bu x&uuml;susda C\u0259nub Qaz D\u0259hlizinin \u0259h\u0259miyy\u0259tini diqq\u0259t\u0259 &ccedil;atd\u0131rd\u0131. El\u0259c\u0259 d\u0259, Trans-X\u0259z\u0259r v\u0259 C\u0259nub-Q\u0259rb n\u0259qliyyat d\u0259hlizl\u0259ri haqq\u0131nda dan\u0131\u015fan nazir Elmar M\u0259mm\u0259dyarov Az\u0259rbaycan\u0131n Pol\u015fa il\u0259 bu istiqam\u0259td\u0259 \u0259m\u0259kda\u015fl\u0131q etdiyini v\u0259 bu m&uuml;nasib\u0259tl\u0259rin d\u0259rinl\u0259\u015fdirilm\u0259sind\u0259 maraql\u0131 oldu\u011funu diqq\u0259t\u0259 &ccedil;atd\u0131rd\u0131.<\/p>\n<p>Nazir Ya&ccedil;ek &Ccedil;aputovi&ccedil; iki &ouml;lk\u0259 aras\u0131ndak\u0131 m&uuml;nasib\u0259tl\u0259rin haz\u0131rk\u0131 durumunu y&uuml;ks\u0259k qiym\u0259tl\u0259ndirdi. O, Pol\u015fan\u0131n Avropa \u0130ttifaq\u0131n\u0131n \u015e\u0259rq T\u0259r\u0259fda\u015fl\u0131\u011f\u0131 &ouml;lk\u0259l\u0259ri il\u0259 \u0259m\u0259kda\u015fl\u0131\u011f\u0131n\u0131 d\u0259st\u0259kl\u0259diyini vur\u011fulayaraq &ouml;lk\u0259sinin Az\u0259rbaycanla enerji sektorunda \u0259m\u0259kda\u015fl\u0131\u011f\u0131n inki\u015faf\u0131nda maraql\u0131 oldu\u011funu x&uuml;susil\u0259 vur\u011fulad\u0131.<\/p>\n<p>Nazirl\u0259r iki &ouml;lk\u0259 aras\u0131nda qar\u015f\u0131l\u0131ql\u0131 s\u0259f\u0259r m&uuml;badil\u0259si, ticar\u0259t d&ouml;vriyy\u0259sinin art\u0131r\u0131lmas\u0131 v\u0259 m&uuml;qavil\u0259-h&uuml;quq bazas\u0131n\u0131n geni\u015fl\u0259ndirilm\u0259si kimi m\u0259s\u0259l\u0259l\u0259ri m&uuml;zakir\u0259 etdil\u0259r.<\/p>\n<p>G&ouml;r&uuml;\u015f zaman\u0131, h\u0259m&ccedil;inin qar\u015f\u0131l\u0131ql\u0131 maraq do\u011furan dig\u0259r m\u0259s\u0259l\u0259l\u0259r il\u0259 ba\u011fl\u0131 geni\u015f fikir m&uuml;badil\u0259si apar\u0131ld\u0131.<\/p>\n<p>Daha sonra nazirl\u0259r birg\u0259 m\u0259tbuat konfrans\u0131 ke&ccedil;irdil\u0259r.<\/p>\n","protected":false},"excerpt":{"rendered":"<p>Pol\u015fa Respublikas\u0131na r\u0259smi s\u0259f\u0259ri &ccedil;\u0259r&ccedil;iv\u0259sind\u0259 nazir Elmar M\u0259mm\u0259dyarov Pol\u015fa Respublikas\u0131n\u0131n xarici i\u015fl\u0259r naziri Ya&ccedil;ek &Ccedil;aputovi&ccedil; il\u0259 g&ouml;r&uuml;\u015f&uuml;b. Nazir Elmar M\u0259mm\u0259dyarovla pol\u015fal\u0131 nazir aras\u0131nda ke&ccedil;iril\u0259n t\u0259kb\u0259t\u0259k g&ouml;r&uuml;\u015fd\u0259n sonra t\u0259r\u0259fl\u0259r geni\u015f t\u0259rkibli&hellip;<\/p>\n","protected":false},"author":1,"featured_media":251278,"comment_status":"open","ping_status":"open","sticky":false,"template":"","format":"standard","meta":{"_lmt_disableupdate":"","_lmt_disable":"","footnotes":""},"categories":[86],"tags":[],"class_list":["post-78262","post","type-post","status-publish","format-standard","has-post-thumbnail","hentry","category-siyaset"],"_links":{"self":[{"href":"https:\/\/ucnoqta.az\/index.php?rest_route=\/wp\/v2\/posts\/78262","targetHints":{"allow":["GET"]}}],"collection":[{"href":"https:\/\/ucnoqta.az\/index.php?rest_route=\/wp\/v2\/posts"}],"about":[{"href":"https:\/\/ucnoqta.az\/index.php?rest_route=\/wp\/v2\/types\/post"}],"author":[{"embeddable":true,"href":"https:\/\/ucnoqta.az\/index.php?rest_route=\/wp\/v2\/users\/1"}],"replies":[{"embeddable":true,"href":"https:\/\/ucnoqta.az\/index.php?rest_route=%2Fwp%2Fv2%2Fcomments&post=78262"}],"version-history":[{"count":0,"href":"https:\/\/ucnoqta.az\/index.php?rest_route=\/wp\/v2\/posts\/78262\/revisions"}],"wp:featuredmedia":[{"embeddable":true,"href":"https:\/\/ucnoqta.az\/index.php?rest_route=\/wp\/v2\/media\/251278"}],"wp:attachment":[{"href":"https:\/\/ucnoqta.az\/index.php?rest_route=%2Fwp%2Fv2%2Fmedia&parent=78262"}],"wp:term":[{"taxonomy":"category","embeddable":true,"href":"https:\/\/ucnoqta.az\/index.php?rest_route=%2Fwp%2Fv2%2Fcategories&post=78262"},{"taxonomy":"post_tag","embeddable":true,"href":"https:\/\/ucnoqta.az\/index.php?rest_route=%2Fwp%2Fv2%2Ftags&post=78262"}],"curies":[{"name":"wp","href":"https:\/\/api.w.org\/{rel}","templated":true}]}}