{"id":78249,"date":"2019-04-17T13:08:05","date_gmt":"2019-04-17T09:08:05","guid":{"rendered":""},"modified":"-0001-11-30T00:00:00","modified_gmt":"-0001-11-29T20:00:00","slug":"","status":"publish","type":"post","link":"https:\/\/ucnoqta.az\/?p=78249","title":{"rendered":"Faiq Qarayev milliy\u0259 qay\u0131td\u0131"},"content":{"rendered":"<p><strong>Qad\u0131n voleybol&ccedil;ulardan ibar\u0259t Az\u0259rbaycan millisinin ba\u015f m\u0259\u015fq&ccedil;isi m&uuml;\u0259yy\u0259nl\u0259\u015fib.&nbsp;<\/strong><\/p>\n<p>Ucnoqta.az ona.az-a istinad\u0259n x\u0259b\u0259r verir ki, y\u0131\u011fmam\u0131z\u0131 yenid\u0259n Faiq Qarayev &ccedil;al\u0131\u015fd\u0131racaq. 6 ay \u0259vv\u0259l Yaponiyada ke&ccedil;iril\u0259n d&uuml;nya &ccedil;empionat\u0131nda u\u011fursuz &ccedil;\u0131x\u0131\u015fdan sonra s\u0259hh\u0259ti il\u0259 ba\u011fl\u0131 m\u0259\u015fq&ccedil;ilik karyeras\u0131n\u0131 ba\u015fa vurdu\u011funu a&ccedil;\u0131qlayan t\u0259cr&uuml;b\u0259li m&uuml;t\u0259x\u0259ssis yenid\u0259n komandan\u0131n &ldquo;s&uuml;kan\u0131 arxas\u0131na&rdquo; qay\u0131d\u0131b.<\/p>\n<p>Qeyd ed\u0259k ki, F.Qarayev Az\u0259rbaycan Voleybol Federasiyas\u0131nda 1-ci vitse-prezident v\u0259zif\u0259sind\u0259 &ccedil;al\u0131\u015f\u0131r.<\/p>\n","protected":false},"excerpt":{"rendered":"<p>Qad\u0131n voleybol&ccedil;ulardan ibar\u0259t Az\u0259rbaycan millisinin ba\u015f m\u0259\u015fq&ccedil;isi m&uuml;\u0259yy\u0259nl\u0259\u015fib.&nbsp; Ucnoqta.az ona.az-a istinad\u0259n x\u0259b\u0259r verir ki, y\u0131\u011fmam\u0131z\u0131 yenid\u0259n Faiq Qarayev &ccedil;al\u0131\u015fd\u0131racaq. 6 ay \u0259vv\u0259l Yaponiyada ke&ccedil;iril\u0259n d&uuml;nya &ccedil;empionat\u0131nda u\u011fursuz &ccedil;\u0131x\u0131\u015fdan sonra s\u0259hh\u0259ti&hellip;<\/p>\n","protected":false},"author":1,"featured_media":251278,"comment_status":"open","ping_status":"open","sticky":false,"template":"","format":"standard","meta":{"_lmt_disableupdate":"","_lmt_disable":"","footnotes":""},"categories":[90],"tags":[],"class_list":["post-78249","post","type-post","status-publish","format-standard","has-post-thumbnail","hentry","category-idman-butun-xeberler"],"_links":{"self":[{"href":"https:\/\/ucnoqta.az\/index.php?rest_route=\/wp\/v2\/posts\/78249","targetHints":{"allow":["GET"]}}],"collection":[{"href":"https:\/\/ucnoqta.az\/index.php?rest_route=\/wp\/v2\/posts"}],"about":[{"href":"https:\/\/ucnoqta.az\/index.php?rest_route=\/wp\/v2\/types\/post"}],"author":[{"embeddable":true,"href":"https:\/\/ucnoqta.az\/index.php?rest_route=\/wp\/v2\/users\/1"}],"replies":[{"embeddable":true,"href":"https:\/\/ucnoqta.az\/index.php?rest_route=%2Fwp%2Fv2%2Fcomments&post=78249"}],"version-history":[{"count":0,"href":"https:\/\/ucnoqta.az\/index.php?rest_route=\/wp\/v2\/posts\/78249\/revisions"}],"wp:featuredmedia":[{"embeddable":true,"href":"https:\/\/ucnoqta.az\/index.php?rest_route=\/wp\/v2\/media\/251278"}],"wp:attachment":[{"href":"https:\/\/ucnoqta.az\/index.php?rest_route=%2Fwp%2Fv2%2Fmedia&parent=78249"}],"wp:term":[{"taxonomy":"category","embeddable":true,"href":"https:\/\/ucnoqta.az\/index.php?rest_route=%2Fwp%2Fv2%2Fcategories&post=78249"},{"taxonomy":"post_tag","embeddable":true,"href":"https:\/\/ucnoqta.az\/index.php?rest_route=%2Fwp%2Fv2%2Ftags&post=78249"}],"curies":[{"name":"wp","href":"https:\/\/api.w.org\/{rel}","templated":true}]}}