{"id":78247,"date":"2019-04-17T12:18:32","date_gmt":"2019-04-17T08:18:32","guid":{"rendered":""},"modified":"-0001-11-30T00:00:00","modified_gmt":"-0001-11-29T20:00:00","slug":"","status":"publish","type":"post","link":"https:\/\/ucnoqta.az\/?p=78247","title":{"rendered":"Elmar M\u0259mm\u0259dyarov Pol\u015fada AXC-nin tan\u0131nmas\u0131na h\u0259sr edilmi\u015f xatir\u0259 l\u00f6vh\u0259sinin a\u00e7\u0131l\u0131\u015f\u0131nda i\u015ftirak edib"},"content":{"rendered":"<p><strong>Pol\u015fa Respublikas\u0131na r\u0259smi s\u0259f\u0259ri &ccedil;\u0259r&ccedil;iv\u0259sind\u0259 Az\u0259rbaycan\u0131n xarici i\u015fl\u0259r naziri Elmar M\u0259mm\u0259dyarov 1920-ci ild\u0259 Pol\u015fa Respublikas\u0131 t\u0259r\u0259find\u0259n Az\u0259rbaycan Xalq C&uuml;mhuriyy\u0259tinin m&uuml;st\u0259qilliyinin tan\u0131nmas\u0131na h\u0259sr edilmi\u015f xatir\u0259 l&ouml;vh\u0259sinin a&ccedil;\u0131l\u0131\u015f\u0131 m\u0259rasimind\u0259 i\u015ftirak edib.<\/strong><\/p>\n<p>Xarici \u0130\u015fl\u0259r Nazirliyinin M\u0259tbuat xidm\u0259tind\u0259n veril\u0259n m\u0259lumata g&ouml;r\u0259, t\u0259dbird\u0259, h\u0259m&ccedil;inin Pol\u015fa Respublikas\u0131n\u0131n xarici i\u015fl\u0259r naziri Ya&ccedil;ek &Ccedil;aputovi&ccedil; d\u0259 i\u015ftirak edib.<br \/>\nM\u0259rasimd\u0259 &ccedil;\u0131x\u0131\u015f ed\u0259n nazir Elmar M\u0259mm\u0259dyarov Az\u0259rbaycan v\u0259 Pol\u015fa aras\u0131nda tarixi \u0259laq\u0259l\u0259rin m&ouml;vcud oldu\u011funu qeyd ed\u0259r\u0259k Az\u0259rbaycan\u0131n Pol\u015fadak\u0131 S\u0259firliyinin ara\u015fd\u0131rmalar\u0131 n\u0259tic\u0259sind\u0259 Pol\u015fa arxivl\u0259rind\u0259n iki &ouml;lk\u0259 aras\u0131ndak\u0131 m&uuml;nasib\u0259tl\u0259r\u0259 h\u0259sr olunmu\u015f maraql\u0131 s\u0259n\u0259dl\u0259rin &uuml;z\u0259 &ccedil;\u0131xd\u0131\u011f\u0131n\u0131 bildirib. Bu x&uuml;susda, nazir Elmar M\u0259mm\u0259dyarov 1920-ci ilin 13 fevral tarixind\u0259 Pol\u015fa xarici i\u015fl\u0259r naziri Stanislav Patekin Az\u0259rbaycan H&ouml;kum\u0259tin\u0259 teleqram &uuml;nvanlayaraq Pol\u015fan\u0131n Az\u0259rbaycan Xalq C&uuml;mhuriyy\u0259tini de-fakto tan\u0131d\u0131\u011f\u0131n\u0131 diqq\u0259t\u0259 &ccedil;atd\u0131r\u0131b. H\u0259m&ccedil;inin 1918-ci ild\u0259 Pol\u015fa diplomat\u0131 Vaslav Ostrovskinin Pol\u015fan\u0131n Az\u0259rbaycandak\u0131 diplomatik n&uuml;may\u0259nd\u0259si t\u0259yin olundu\u011fu qeyd edilib. Nazir Elmar M\u0259mm\u0259dyarov 100 il bundan &ouml;nc\u0259 Pol\u015fa diplomatlar\u0131n\u0131n Az\u0259rbaycan &uuml;&ccedil;&uuml;n g&ouml;st\u0259rdiyi f\u0259aliyy\u0259ti y&uuml;ks\u0259k d\u0259y\u0259rl\u0259ndir\u0259r\u0259k, iki &ouml;lk\u0259 aras\u0131ndak\u0131 ba\u011flar\u0131n bug&uuml;n d\u0259 g&uuml;cl&uuml; oldu\u011funu v\u0259 t\u0259r\u0259fl\u0259r aras\u0131nda strateji \u0259laq\u0259l\u0259rin m&ouml;vcudlu\u011funu qeyd edib.<\/p>\n<p>&Ouml;z n&ouml;vb\u0259sind\u0259 Pol\u015fan\u0131n xarici i\u015fl\u0259r naziri Ya&ccedil;ek &Ccedil;aputovi&ccedil; iki &ouml;lk\u0259 aras\u0131nda m&uuml;nasib\u0259tl\u0259rin tarixi \u0259h\u0259miyy\u0259tin\u0259 h\u0259sr edilmi\u015f xatir\u0259 l&ouml;vh\u0259sinin a&ccedil;\u0131l\u0131\u015f\u0131n\u0131 y&uuml;ks\u0259k qiym\u0259tl\u0259ndirib. Pol\u015fan\u0131n 100 il bundan &ouml;nc\u0259 d&ouml;vl\u0259tl\u0259rin suverenliyinin d\u0259st\u0259kl\u0259nm\u0259si istiqam\u0259tind\u0259 f\u0259al i\u015f apard\u0131\u011f\u0131n\u0131 v\u0259 bu siyas\u0259tin bug&uuml;n d\u0259 davam etdirildiyini qeyd edib. Pol\u015fal\u0131 m&uuml;t\u0259x\u0259ssisl\u0259rin 20-ci \u0259sr \u0259rzind\u0259 Az\u0259rbaycan\u0131n ictimai-siyasi h\u0259yat\u0131na verdiyi t&ouml;hf\u0259y\u0259 toxunan pol\u015fal\u0131 nazir Az\u0259rbaycan\u0131n neft hasilat\u0131, Bak\u0131n\u0131n arxitekturas\u0131n\u0131n inki\u015faf\u0131 v\u0259 dig\u0259r sah\u0259l\u0259ri x&uuml;susil\u0259 vur\u011fulay\u0131b.<\/p>\n<p>Nazirl\u0259r Az\u0259rbaycan-Pol\u015fa m&uuml;nasib\u0259tl\u0259rin\u0259 dair \u0259trafl\u0131 fikir m&uuml;badil\u0259sini ikit\u0259r\u0259fli g&ouml;r&uuml;\u015fd\u0259 davam etdiril\u0259c\u0259yini vur\u011fulay\u0131blar.<\/p>\n","protected":false},"excerpt":{"rendered":"<p>Pol\u015fa Respublikas\u0131na r\u0259smi s\u0259f\u0259ri &ccedil;\u0259r&ccedil;iv\u0259sind\u0259 Az\u0259rbaycan\u0131n xarici i\u015fl\u0259r naziri Elmar M\u0259mm\u0259dyarov 1920-ci ild\u0259 Pol\u015fa Respublikas\u0131 t\u0259r\u0259find\u0259n Az\u0259rbaycan Xalq C&uuml;mhuriyy\u0259tinin m&uuml;st\u0259qilliyinin tan\u0131nmas\u0131na h\u0259sr edilmi\u015f xatir\u0259 l&ouml;vh\u0259sinin a&ccedil;\u0131l\u0131\u015f\u0131 m\u0259rasimind\u0259 i\u015ftirak edib. Xarici&hellip;<\/p>\n","protected":false},"author":1,"featured_media":251278,"comment_status":"open","ping_status":"open","sticky":false,"template":"","format":"standard","meta":{"_lmt_disableupdate":"","_lmt_disable":"","footnotes":""},"categories":[86],"tags":[],"class_list":["post-78247","post","type-post","status-publish","format-standard","has-post-thumbnail","hentry","category-siyaset"],"_links":{"self":[{"href":"https:\/\/ucnoqta.az\/index.php?rest_route=\/wp\/v2\/posts\/78247","targetHints":{"allow":["GET"]}}],"collection":[{"href":"https:\/\/ucnoqta.az\/index.php?rest_route=\/wp\/v2\/posts"}],"about":[{"href":"https:\/\/ucnoqta.az\/index.php?rest_route=\/wp\/v2\/types\/post"}],"author":[{"embeddable":true,"href":"https:\/\/ucnoqta.az\/index.php?rest_route=\/wp\/v2\/users\/1"}],"replies":[{"embeddable":true,"href":"https:\/\/ucnoqta.az\/index.php?rest_route=%2Fwp%2Fv2%2Fcomments&post=78247"}],"version-history":[{"count":0,"href":"https:\/\/ucnoqta.az\/index.php?rest_route=\/wp\/v2\/posts\/78247\/revisions"}],"wp:featuredmedia":[{"embeddable":true,"href":"https:\/\/ucnoqta.az\/index.php?rest_route=\/wp\/v2\/media\/251278"}],"wp:attachment":[{"href":"https:\/\/ucnoqta.az\/index.php?rest_route=%2Fwp%2Fv2%2Fmedia&parent=78247"}],"wp:term":[{"taxonomy":"category","embeddable":true,"href":"https:\/\/ucnoqta.az\/index.php?rest_route=%2Fwp%2Fv2%2Fcategories&post=78247"},{"taxonomy":"post_tag","embeddable":true,"href":"https:\/\/ucnoqta.az\/index.php?rest_route=%2Fwp%2Fv2%2Ftags&post=78247"}],"curies":[{"name":"wp","href":"https:\/\/api.w.org\/{rel}","templated":true}]}}