{"id":78242,"date":"2019-04-17T18:32:16","date_gmt":"2019-04-17T14:32:16","guid":{"rendered":""},"modified":"-0001-11-30T00:00:00","modified_gmt":"-0001-11-29T20:00:00","slug":"","status":"publish","type":"post","link":"https:\/\/ucnoqta.az\/?p=78242","title":{"rendered":"\u00d6vladl\u0131\u011fa g\u00f6t\u00fcr\u00fcl\u0259n u\u015faqlar\u0131n say\u0131 azal\u0131b"},"content":{"rendered":"<p><em>Son ill\u0259r d&uuml;nyada sonsuzluqla ba\u011fl\u0131 probleml\u0259r xeyli art\u0131b. Buna s\u0259b\u0259b olan amill\u0259r is\u0259 m&uuml;xt\u0259lifdir. Sonsuzluq problemi il\u0259 &uuml;zl\u0259\u015f\u0259n ail\u0259l\u0259r tibbi yollardan n\u0259tic\u0259 g&ouml;rm\u0259dikd\u0259 &ccedil;ar\u0259ni &ouml;vladl\u0131\u011fa u\u015faq g&ouml;t&uuml;rm\u0259kd\u0259 g&ouml;r&uuml;rl\u0259r. \u018fvv\u0259ll\u0259r \u0259ks\u0259r hallarda qohumlardan v\u0259 tan\u0131\u015flardan u\u015faq g&ouml;t&uuml;r&uuml;l&uuml;rd&uuml; v\u0259 ail\u0259l\u0259r h\u0259min u\u015fa\u011f\u0131 &ouml;z &ouml;vladlar\u0131 kimi saxlay\u0131rd\u0131. Amma &ccedil;ox zaman bu prosedurlar qanuni formada olmurdu. Haz\u0131rda is\u0259 h\u0259m d\u0259 u\u015faq evl\u0259rind\u0259n &ouml;vladl\u0131\u011fa u\u015faq g&ouml;t&uuml;r&uuml;l&uuml;r v\u0259 bu, konkret h&uuml;quqi prosedurlarla h\u0259yata ke&ccedil;irilir. O c&uuml;ml\u0259d\u0259n indi h\u0259tta &ouml;vladlar\u0131 olan ail\u0259l\u0259r d\u0259 u\u015faq g&ouml;t&uuml;r&uuml;b saxlaya bil\u0259rl\u0259r.<\/em><\/p>\n<p><strong>&Ouml;vladl\u0131\u011fa g&ouml;t&uuml;r&uuml;l\u0259n u\u015faqlar\u0131n say\u0131 azal\u0131b<\/strong><\/p>\n<p>D&ouml;vl\u0259t Statistika Komit\u0259sind\u0259n veril\u0259n m\u0259lumata \u0259sas\u0259n, &ouml;t\u0259n il Az\u0259rbaycanda 751 u\u015faq &ouml;vladl\u0131\u011fa g&ouml;t&uuml;r&uuml;l&uuml;b. Bu da 2017-ci ill\u0259 m&uuml;qayis\u0259d\u0259 14,4 faiz azd\u0131r. \u018fvv\u0259lki il\u0259 nisb\u0259t\u0259n &ouml;vladl\u0131\u011fa g&ouml;t&uuml;r&uuml;l\u0259n o\u011flanlar\u0131n say\u0131 13,7 faiz azalaraq 402 n\u0259f\u0259r, q\u0131zlar\u0131n say\u0131 15,1 faiz azalaraq 349 n\u0259f\u0259r olub. M\u0259lumata g&ouml;r\u0259, &ouml;t\u0259n il \u0259vv\u0259lki ill\u0259 m&uuml;qayis\u0259d\u0259 &ouml;vladl\u0131\u011fa g&ouml;t&uuml;r&uuml;lm&uuml;\u015f 3 ya\u015fa q\u0259d\u0259r olan u\u015faqlar\u0131n say\u0131nda 10,5 faiz, 3-5 ya\u015fl\u0131 u\u015faqlar\u0131n say\u0131nda 19,2 faiz, 6-10 ya\u015fl\u0131 u\u015faqlar\u0131n say\u0131nda 21,0 faiz, 11-17 ya\u015fl\u0131 u\u015faqlar\u0131n say\u0131nda is\u0259 11,9 faiz azalma m&uuml;\u015fahid\u0259 edilib. H\u0259min ya\u015f qruplar\u0131nda m&uuml;vafiq olaraq 376, 139, 132 v\u0259 104 u\u015faq &ouml;vladl\u0131\u011fa g&ouml;t&uuml;r&uuml;l&uuml;b.<\/p>\n<p>&Ouml;t\u0259n il \u0259rzind\u0259 \u0259cn\u0259bil\u0259r v\u0259 v\u0259t\u0259nda\u015fl\u0131\u011f\u0131 olmayan \u015f\u0259xsl\u0259r t\u0259r\u0259find\u0259n 14 u\u015faq &ouml;vladl\u0131\u011fa g&ouml;t&uuml;r&uuml;l&uuml;b ki, onlar\u0131n da 4-&uuml; q\u0131zd\u0131r.<br \/>\nAz\u0259rbaycan Respublikas\u0131n\u0131n m\u0259hk\u0259m\u0259l\u0259ri t\u0259r\u0259find\u0259n 2018-ci ild\u0259 l\u0259\u011fv edilmi\u015f &ouml;vladl\u0131\u011fa g&ouml;t&uuml;r&uuml;lm\u0259 bar\u0259d\u0259 q\u0259rarlar\u0131n say\u0131 \u0259vv\u0259lki ill\u0259 m&uuml;qayis\u0259d\u0259 15,5 faiz artaraq 67-y\u0259 b\u0259rab\u0259r olub.<\/p>\n<p><strong>&Ouml;vladl\u0131\u011fa g&ouml;t&uuml;r\u0259nl\u0259 u\u015fa\u011f\u0131n ya\u015f f\u0259rqi 16-dan az olmamal\u0131d\u0131r<\/strong><\/p>\n<p>Ail\u0259 M\u0259c\u0259ll\u0259sinin 120-ci madd\u0259sin\u0259 \u0259sas\u0259n, h\u0259r iki cinsd\u0259n olan yetkinlik ya\u015f\u0131na &ccedil;atm\u0131\u015f \u015f\u0259xsl\u0259r &ouml;vladl\u0131\u011fa g&ouml;t&uuml;r\u0259n ola bil\u0259r. Amma b\u0259zi m\u0259hdudiyy\u0259tl\u0259r d\u0259 m&ouml;vcuddur. Burada m\u0259hk\u0259m\u0259 t\u0259r\u0259find\u0259n f\u0259aliyy\u0259t qabiliyy\u0259ti olmayan v\u0259 ya m\u0259hdud f\u0259aliyy\u0259t qabiliyy\u0259tli hesab edil\u0259n \u015f\u0259xsl\u0259r, valideynlik h&uuml;quqlar\u0131ndan m\u0259hrum edilmi\u015f \u015f\u0259xsl\u0259r, qanunla &uuml;z\u0259rin\u0259 qoyulan v\u0259zif\u0259ni yerin\u0259 yetirm\u0259diyin\u0259 g&ouml;r\u0259 q\u0259yyum v\u0259 ya himay\u0259&ccedil;i v\u0259zif\u0259l\u0259rind\u0259n k\u0259narla\u015fd\u0131r\u0131lm\u0131\u015f, s\u0259hh\u0259tin\u0259 g&ouml;r\u0259 valideyn v\u0259zif\u0259l\u0259rini h\u0259yata ke&ccedil;ir\u0259 bilm\u0259y\u0259n \u015f\u0259xsl\u0259r istisnad\u0131r. H\u0259m&ccedil;inin aralar\u0131nda nikah olmayan \u015f\u0259xsl\u0259r birlikd\u0259 eyni u\u015fa\u011f\u0131 &ouml;vladl\u0131\u011fa g&ouml;t&uuml;r\u0259 bilm\u0259zl\u0259r. Qanuna g&ouml;r\u0259, &ouml;vladl\u0131\u011fa g&ouml;t&uuml;r\u0259n \u015f\u0259xs nikahda deyils\u0259, onunla &ouml;vladl\u0131\u011fa g&ouml;t&uuml;r&uuml;l\u0259n u\u015fa\u011f\u0131n ya\u015f f\u0259rqi 16-dan az olmamal\u0131d\u0131r.<\/p>\n<p>Valideynl\u0259ri olan u\u015faqlar\u0131n &ouml;vladl\u0131\u011fa verilm\u0259si yaln\u0131z valideynl\u0259rinin raz\u0131l\u0131\u011f\u0131 il\u0259 ola bil\u0259r. Yetkinlik ya\u015f\u0131na &ccedil;atmayan valideynl\u0259rin u\u015faqlar\u0131n\u0131n &ouml;vladl\u0131\u011fa g&ouml;t&uuml;r&uuml;lm\u0259si zaman\u0131 h\u0259min valideynl\u0259rin q\u0259yyumlar\u0131n\u0131n v\u0259 valideynl\u0259rinin raz\u0131l\u0131\u011f\u0131, onlar olmad\u0131qda is\u0259 m&uuml;vafiq icra hakimiyy\u0259ti orqan\u0131n\u0131n raz\u0131l\u0131\u011f\u0131 t\u0259l\u0259b olunur. Valideynl\u0259r &ouml;vladl\u0131\u011fa g&ouml;t&uuml;rm\u0259 bar\u0259d\u0259 m\u0259hk\u0259m\u0259 q\u0259tnam\u0259si q\u0259bul edil\u0259n\u0259d\u0259k &ouml;z u\u015faqlar\u0131n\u0131 &ouml;vladl\u0131\u011fa verm\u0259k bar\u0259d\u0259 raz\u0131l\u0131\u011f\u0131 geri g&ouml;t&uuml;r\u0259 bil\u0259rl\u0259r. Valideynl\u0259r 6 aydan art\u0131q m&uuml;dd\u0259td\u0259 u\u015faqla birlikd\u0259 ya\u015fam\u0131rlarsa, q\u0259yyumluq v\u0259 himay\u0259 orqanlar\u0131n\u0131n x\u0259b\u0259rdarl\u0131\u011f\u0131na baxmayaraq, onun t\u0259rbiy\u0259sind\u0259 v\u0259 ya saxlanmas\u0131nda i\u015ftirak etm\u0259kd\u0259n boyun qa&ccedil;\u0131r\u0131rlarsa, u\u015fa\u011fa valideynlik diqq\u0259ti v\u0259 qay\u011f\u0131s\u0131 g&ouml;st\u0259rmirl\u0259rs\u0259, &ouml;vladl\u0131\u011fa g&ouml;t&uuml;rm\u0259 onlar\u0131n raz\u0131l\u0131\u011f\u0131 olmadan da icra edil\u0259 bil\u0259r.<\/p>\n<p><strong>&Ouml;vladl\u0131\u011fa g&ouml;t&uuml;rm\u0259 bu hallarda l\u0259\u011fv oluna bil\u0259r<\/strong><\/p>\n<p>10 ya\u015f\u0131na &ccedil;atm\u0131\u015f u\u015faq &ouml;vladl\u0131\u011fa g&ouml;t&uuml;r&uuml;ld&uuml;kd\u0259 onun raz\u0131l\u0131q verm\u0259si z\u0259ruridir. Uzun m&uuml;dd\u0259t yan\u0131nda ya\u015fad\u0131\u011f\u0131 adamlar\u0131n &ouml;vladl\u0131\u011f\u0131na veril\u0259n u\u015faqlar, onlar\u0131 &ouml;z valideyni bilirs\u0259, h\u0259min u\u015faqlar\u0131n raz\u0131l\u0131\u011f\u0131 t\u0259l\u0259b olunmur. Bu proses tam qapal\u0131 apar\u0131ld\u0131\u011f\u0131 &uuml;&ccedil;&uuml;n ad\u0259t\u0259n u\u015fa\u011fa aid \u0259ks\u0259r m\u0259lumatlar d\u0259yi\u015fdirilir.<\/p>\n<p>Qanunvericiliy\u0259 \u0259sas\u0259n, &ouml;vladl\u0131\u011fa g&ouml;t&uuml;r\u0259nin xahi\u015fi il\u0259 u\u015fa\u011fa &ouml;vladl\u0131\u011fa g&ouml;t&uuml;r\u0259nin soyad\u0131 v\u0259 yeni ad verilir. Bir istisna var ki, &ouml;vladl\u0131\u011fa g&ouml;t&uuml;r&uuml;l\u0259n 10 ya\u015f\u0131na &ccedil;atm\u0131\u015f u\u015fa\u011f\u0131n soyad\u0131, ata ad\u0131, habel\u0259 &ouml;z ad\u0131, yaln\u0131z onun raz\u0131l\u0131\u011f\u0131 il\u0259 d\u0259yi\u015fdiril\u0259 bil\u0259r. Prosesin gizli saxlanmas\u0131 &uuml;&ccedil;&uuml;n &ouml;vladl\u0131\u011fa g&ouml;t&uuml;r\u0259nin xahi\u015fi il\u0259 u\u015fa\u011f\u0131n do\u011fuldu\u011fu yer, el\u0259c\u0259 d\u0259 onun do\u011fum tarixi 3 aydan &ccedil;ox olmayaraq d\u0259yi\u015fdiril\u0259 bil\u0259r.<\/p>\n<p>&Ouml;vladl\u0131\u011fa g&ouml;t&uuml;rm\u0259nin l\u0259\u011fv olunmas\u0131 m\u0259hk\u0259m\u0259 qaydas\u0131nda h\u0259yata ke&ccedil;irilir. &Ouml;vladl\u0131\u011fa g&ouml;t&uuml;rm\u0259 x&uuml;susi hallarda l\u0259\u011fv oluna bil\u0259r. &Ouml;vladl\u0131\u011fa g&ouml;t&uuml;r\u0259nl\u0259r onlara h\u0259val\u0259 edilmi\u015f valideynlik v\u0259zif\u0259l\u0259rini yerin\u0259 yetirm\u0259dikd\u0259, valideynlik h&uuml;quqlar\u0131ndan sui-istifad\u0259 etdikd\u0259, u\u015fa\u011fa q\u0259ddar m&uuml;nasib\u0259t b\u0259sl\u0259dikd\u0259, xroniki alkoqolik v\u0259 narkoman olduqda. &Ouml;vladl\u0131\u011fa g&ouml;t&uuml;rm\u0259 l\u0259\u011fv olunduqda u\u015faq m\u0259hk\u0259m\u0259nin q\u0259tnam\u0259si il\u0259 valideynl\u0259r\u0259 qaytar\u0131l\u0131r.<\/p>\n<p><strong>U\u015faqlar 18 ya\u015f\u0131na &ccedil;atana q\u0259d\u0259r ail\u0259d\u0259 monitorinql\u0259r apar\u0131lacaq<\/strong><\/p>\n<p>Qeyd ed\u0259k ki, haz\u0131rda &ouml;vladl\u0131\u011fag&ouml;t&uuml;rm\u0259 prosesin\u0259 3 m\u0259rk\u0259zi icra hakimiyy\u0259ti orqan\u0131 &#8211; S\u0259hiyy\u0259 Nazirliyi, T\u0259hsil Nazirliyi v\u0259 Ail\u0259, Qad\u0131n v\u0259 U\u015faq Probleml\u0259ri &uuml;zr\u0259 D&ouml;vl\u0259t Komit\u0259si n\u0259zar\u0259t edir.<br \/>\nLakin &ouml;t\u0259n il Prezident&nbsp;\u0130lham \u018fliyevin &ldquo;&Ouml;vladl\u0131\u011fag&ouml;t&uuml;rm\u0259 sah\u0259sind\u0259 idar\u0259etm\u0259nin t\u0259kmill\u0259\u015fdirilm\u0259si il\u0259 ba\u011fl\u0131 t\u0259dbirl\u0259r haqq\u0131nda&rdquo; imzalad\u0131\u011f\u0131 f\u0259rmana \u0259s\u0259s\u0259n \u018fm\u0259k v\u0259 v\u0259 \u018fhalinin Sosial M&uuml;dafi\u0259si Nazirliyind\u0259&nbsp;alt sistem yarad\u0131lacaq. &Ccedil;&uuml;nki indiy\u0259 q\u0259d\u0259r&nbsp;h\u0259r &uuml;&ccedil; qurumun &ouml;z&uuml;n&uuml;n ayr\u0131ca qanunvericilik bazas\u0131 var idi.<\/p>\n<p>Bununla \u0259laq\u0259dar s&ouml;z&uuml;ged\u0259n qurumun m\u0259tbuat xidm\u0259tind\u0259n &ldquo;&Uuml;&ccedil; n&ouml;qt\u0259 &rdquo; q\u0259zetin\u0259 bildirdil\u0259r ki, yeni alt sistem &ccedil;\u0259r&ccedil;iv\u0259sind\u0259 b&uuml;t&uuml;n orqanlar &uuml;zr\u0259 vahid u&ccedil;ot apar\u0131lacaq. H\u0259m &ouml;vladl\u0131\u011fa u\u015faq g&ouml;t&uuml;r\u0259nl\u0259r, h\u0259m d\u0259 u\u015faqlar\u0131n m\u0259lumat\u0131 ka\u011f\u0131z da\u015f\u0131y\u0131c\u0131da deyil, elektron bazada olacaq. Bu g&uuml;n &ouml;vlad\u0131l\u0131\u011fa u\u015faq g&ouml;t&uuml;rm\u0259k &uuml;&ccedil;&uuml;n insanlar 10 add\u0131m at\u0131rd\u0131sa, yeni sisteml\u0259 bu say azalacaq.<br \/>\nArt\u0131q iyunun 1-d\u0259n alt sistemin t\u0259tbiqi n\u0259z\u0259rd\u0259 tutulur: &quot;Eyni zamanda Ail\u0259 M\u0259c\u0259ll\u0259sin\u0259 t\u0259klifl\u0259r haz\u0131rlan\u0131r, bu i\u015fl\u0259rin icras\u0131 &uuml;&ccedil;&uuml;n vahid q\u0259rar paketi Nazirl\u0259r Kabineti t\u0259r\u0259find\u0259n t\u0259sdiq edilm\u0259lidir.<\/p>\n<p>Bundan sonra &ouml;vladl\u0131\u011fag&ouml;t&uuml;rm\u0259 il\u0259 ba\u011fl\u0131 q\u0259rar\u0131 \u018fm\u0259k v\u0259 \u018fhalinin Sosial M&uuml;dafi\u0259si Nazirliyi ver\u0259c\u0259k v\u0259&nbsp;u\u015faq &ouml;vladl\u0131\u011fa veril\u0259nd\u0259n sonra n\u0259zar\u0259ti d\u0259 bu nazirlik h\u0259yata ke&ccedil;ir\u0259c\u0259k. &Ouml;vladl\u0131\u011fa u\u015faq g&ouml;t&uuml;rm\u0259k ist\u0259y\u0259n \u015f\u0259xsl\u0259rin n&ouml;vb\u0259sinin &ccedil;atmas\u0131 \u0259sas amil olmayacaq.&nbsp;Bu zaman valideyn olma\u011fa uy\u011fun olanlar se&ccedil;il\u0259c\u0259k. Eyni zamanda u\u015faqlar\u0131n da &ouml;z&uuml;n&uuml;n se&ccedil;im \u015fans\u0131 olacaq. U\u015faq &uuml;&ccedil;&uuml;n uy\u011fun olan valideynd\u0259n bir ne&ccedil;\u0259si aras\u0131ndan \u0259n uy\u011fun olan\u0131 se&ccedil;il\u0259c\u0259k. Bir ne&ccedil;\u0259 ayl\u0131q s\u0131naq m&uuml;dd\u0259tind\u0259 u\u015faq ail\u0259d\u0259 yerl\u0259\u015fdiril\u0259c\u0259k. Nazirliyin \u0259m\u0259kda\u015flar\u0131 m&uuml;t\u0259madi olaraq u\u015fa\u011fa&nbsp;n\u0259zar\u0259t ed\u0259c\u0259k. U\u015faqlar 18 ya\u015f\u0131na &ccedil;atana q\u0259d\u0259r ail\u0259d\u0259 monitorinql\u0259r apar\u0131lacaq.<\/p>\n<p><strong>Nazl\u0131 Allahverdiyeva<\/strong><\/p>\n","protected":false},"excerpt":{"rendered":"<p>Son ill\u0259r d&uuml;nyada sonsuzluqla ba\u011fl\u0131 probleml\u0259r xeyli art\u0131b. Buna s\u0259b\u0259b olan amill\u0259r is\u0259 m&uuml;xt\u0259lifdir. Sonsuzluq problemi il\u0259 &uuml;zl\u0259\u015f\u0259n ail\u0259l\u0259r tibbi yollardan n\u0259tic\u0259 g&ouml;rm\u0259dikd\u0259 &ccedil;ar\u0259ni &ouml;vladl\u0131\u011fa u\u015faq g&ouml;t&uuml;rm\u0259kd\u0259 g&ouml;r&uuml;rl\u0259r. \u018fvv\u0259ll\u0259r \u0259ks\u0259r&hellip;<\/p>\n","protected":false},"author":1,"featured_media":251278,"comment_status":"open","ping_status":"open","sticky":false,"template":"","format":"standard","meta":{"_lmt_disableupdate":"","_lmt_disable":"","footnotes":""},"categories":[101],"tags":[],"class_list":["post-78242","post","type-post","status-publish","format-standard","has-post-thumbnail","hentry","category-cemiyyet"],"_links":{"self":[{"href":"https:\/\/ucnoqta.az\/index.php?rest_route=\/wp\/v2\/posts\/78242","targetHints":{"allow":["GET"]}}],"collection":[{"href":"https:\/\/ucnoqta.az\/index.php?rest_route=\/wp\/v2\/posts"}],"about":[{"href":"https:\/\/ucnoqta.az\/index.php?rest_route=\/wp\/v2\/types\/post"}],"author":[{"embeddable":true,"href":"https:\/\/ucnoqta.az\/index.php?rest_route=\/wp\/v2\/users\/1"}],"replies":[{"embeddable":true,"href":"https:\/\/ucnoqta.az\/index.php?rest_route=%2Fwp%2Fv2%2Fcomments&post=78242"}],"version-history":[{"count":0,"href":"https:\/\/ucnoqta.az\/index.php?rest_route=\/wp\/v2\/posts\/78242\/revisions"}],"wp:featuredmedia":[{"embeddable":true,"href":"https:\/\/ucnoqta.az\/index.php?rest_route=\/wp\/v2\/media\/251278"}],"wp:attachment":[{"href":"https:\/\/ucnoqta.az\/index.php?rest_route=%2Fwp%2Fv2%2Fmedia&parent=78242"}],"wp:term":[{"taxonomy":"category","embeddable":true,"href":"https:\/\/ucnoqta.az\/index.php?rest_route=%2Fwp%2Fv2%2Fcategories&post=78242"},{"taxonomy":"post_tag","embeddable":true,"href":"https:\/\/ucnoqta.az\/index.php?rest_route=%2Fwp%2Fv2%2Ftags&post=78242"}],"curies":[{"name":"wp","href":"https:\/\/api.w.org\/{rel}","templated":true}]}}