{"id":78240,"date":"2019-04-17T11:13:33","date_gmt":"2019-04-17T07:13:33","guid":{"rendered":""},"modified":"-0001-11-30T00:00:00","modified_gmt":"-0001-11-29T20:00:00","slug":"","status":"publish","type":"post","link":"https:\/\/ucnoqta.az\/?p=78240","title":{"rendered":"Beyn\u0259lxalq festivalda Az\u0259rbaycan s\u0259das\u0131"},"content":{"rendered":"<p><strong>Aprelin 15-d\u0259 T&uuml;rkiy\u0259nin Kayseri B&ouml;y&uuml;k\u015f\u0259h\u0259r B\u0259l\u0259diy\u0259si t\u0259r\u0259find\u0259n t\u0259\u015fkil edil\u0259n v\u0259 bu il 14-c&uuml;&nbsp;d\u0259f\u0259 ke&ccedil;iril\u0259n Beyn\u0259lxalq M\u0259kt\u0259bl\u0259raras\u0131 Teatr festival\u0131n\u0131n&nbsp;a&ccedil;\u0131l\u0131\u015f m\u0259rasimi ba\u015f tutub.<\/strong><\/p>\n<p>Ucnoqta.az x\u0259b\u0259r verir ki, festival ilk olaraq i\u015ftirak&ccedil;\u0131lar\u0131n meydana y&uuml;r&uuml;\u015f&uuml; il\u0259 ba\u015flay\u0131b. Kayserinin m\u0259rk\u0259zi k&uuml;&ccedil;\u0259l\u0259rind\u0259 ba\u015f tutan y&uuml;r&uuml;\u015f&uuml;n sonunda Kayseri B&ouml;y&uuml;k\u015f\u0259h\u0259r B\u0259l\u0259diyy\u0259 ba\u015fqan\u0131 Memduh B&uuml;y&uuml;kk\u0131l\u0131&ccedil; festivalda i\u015ftirak ed\u0259n xarici &ouml;lk\u0259l\u0259rin n&uuml;may\u0259nd\u0259l\u0259ri il\u0259 g&ouml;r&uuml;\u015f&uuml;b.<\/p>\n<p>G&ouml;r&uuml;\u015fd\u0259 &ouml;lk\u0259mizi layih\u0259nin Az\u0259rbaycan &uuml;zr\u0259 r\u0259hb\u0259ri v\u0259 t\u0259rtibat&ccedil;\u0131s\u0131, r\u0259ssam-dekoratoru tan\u0131nm\u0131\u015f r\u0259ssam G&uuml;nay Mehdizad\u0259nin t\u0259\u015fkilat&ccedil;\u0131l\u0131\u011f\u0131 il\u0259 Az\u0259rbaycan Milli Konservatoriya t\u0259kibind\u0259 f\u0259aliyy\u0259t g&ouml;st\u0259r\u0259n \u0130nc\u0259s\u0259n\u0259t Gimnaziyas\u0131 t\u0259msil edirdi.<\/p>\n<p>Memduh B&uuml;y&uuml;kk\u0131l\u0131&ccedil; inc\u0259s\u0259n\u0259t\u0259,&nbsp;teatra b&ouml;y&uuml;k maraq&nbsp;g&ouml;st\u0259rdiyini, bir &ouml;lk\u0259nin tan\u0131nmas\u0131 &uuml;&ccedil;&uuml;n onun&nbsp;m\u0259d\u0259ni&nbsp;h\u0259yat\u0131na ba\u015f vurma\u011f\u0131n vacibliyini qeyd etdi. Sonra s&ouml;z&uuml;&nbsp;G&uuml;nay Mehdizad\u0259y\u0259 ver\u0259n Memduh B&uuml;y&uuml;kk\u0131l\u0131&ccedil; Az\u0259rbaycanla&nbsp;T&uuml;rkiy\u0259nin bir mill\u0259t iki d&ouml;vl\u0259t oldu\u011funu v\u0259 h\u0259r zaman&nbsp;Az\u0259rbaycan\u0131 do\u011fma &ouml;lk\u0259 hesab etdikl\u0259rini vur\u011fulay\u0131b.<\/p>\n<p>G.Mehdizad\u0259 &ccedil;\u0131x\u0131\u015f\u0131nda bel\u0259 bir&nbsp; festivalda olmaqdan m\u0259mnunluq hissi duydu\u011funu qeyd ed\u0259r\u0259k bel\u0259 m&ouml;t\u0259b\u0259r&nbsp;layih\u0259nin bir par&ccedil;as\u0131 olma\u011f\u0131n vacibliyind\u0259n dan\u0131\u015f\u0131b. Onun &ccedil;\u0131x\u0131\u015f\u0131 b&ouml;y&uuml;k maraqla qar\u015f\u0131lan\u0131b.<\/p>\n<p>Layih\u0259nin kuratoru, Gimnaziyan\u0131n r\u0259hb\u0259ri Ayt\u0259n \u018fhm\u0259dova da &ccedil;\u0131x\u0131\u015f\u0131nda Kayserid\u0259 &ouml;zl\u0259rini evd\u0259ki kimi&nbsp;hiss etdikl\u0259rini bildirdi v\u0259 x&uuml;susi diqq\u0259t\u0259 g&ouml;r\u0259 b\u0259l\u0259diyy\u0259 ba\u015fqan\u0131na t\u0259\u015f\u0259kk&uuml;r edib.<\/p>\n<p>Festivalda i\u015ftirak\u0131na g&ouml;r\u0259 Memduh B&ouml;y&uuml;kk\u0131l\u0131&ccedil; G&uuml;nay Mehdizad\u0259y\u0259 &ldquo;T\u0259\u015f\u0259kk&uuml;rnam\u0259&rdquo; v\u0259 h\u0259diyy\u0259l\u0259r t\u0259qdim edib.<\/p>\n","protected":false},"excerpt":{"rendered":"<p>Aprelin 15-d\u0259 T&uuml;rkiy\u0259nin Kayseri B&ouml;y&uuml;k\u015f\u0259h\u0259r B\u0259l\u0259diy\u0259si t\u0259r\u0259find\u0259n t\u0259\u015fkil edil\u0259n v\u0259 bu il 14-c&uuml;&nbsp;d\u0259f\u0259 ke&ccedil;iril\u0259n Beyn\u0259lxalq M\u0259kt\u0259bl\u0259raras\u0131 Teatr festival\u0131n\u0131n&nbsp;a&ccedil;\u0131l\u0131\u015f m\u0259rasimi ba\u015f tutub. Ucnoqta.az x\u0259b\u0259r verir ki, festival ilk olaraq i\u015ftirak&ccedil;\u0131lar\u0131n meydana&hellip;<\/p>\n","protected":false},"author":1,"featured_media":251278,"comment_status":"open","ping_status":"open","sticky":false,"template":"","format":"standard","meta":{"_lmt_disableupdate":"","_lmt_disable":"","footnotes":""},"categories":[102],"tags":[],"class_list":["post-78240","post","type-post","status-publish","format-standard","has-post-thumbnail","hentry","category-medeniyyet-butun-xeberler"],"_links":{"self":[{"href":"https:\/\/ucnoqta.az\/index.php?rest_route=\/wp\/v2\/posts\/78240","targetHints":{"allow":["GET"]}}],"collection":[{"href":"https:\/\/ucnoqta.az\/index.php?rest_route=\/wp\/v2\/posts"}],"about":[{"href":"https:\/\/ucnoqta.az\/index.php?rest_route=\/wp\/v2\/types\/post"}],"author":[{"embeddable":true,"href":"https:\/\/ucnoqta.az\/index.php?rest_route=\/wp\/v2\/users\/1"}],"replies":[{"embeddable":true,"href":"https:\/\/ucnoqta.az\/index.php?rest_route=%2Fwp%2Fv2%2Fcomments&post=78240"}],"version-history":[{"count":0,"href":"https:\/\/ucnoqta.az\/index.php?rest_route=\/wp\/v2\/posts\/78240\/revisions"}],"wp:featuredmedia":[{"embeddable":true,"href":"https:\/\/ucnoqta.az\/index.php?rest_route=\/wp\/v2\/media\/251278"}],"wp:attachment":[{"href":"https:\/\/ucnoqta.az\/index.php?rest_route=%2Fwp%2Fv2%2Fmedia&parent=78240"}],"wp:term":[{"taxonomy":"category","embeddable":true,"href":"https:\/\/ucnoqta.az\/index.php?rest_route=%2Fwp%2Fv2%2Fcategories&post=78240"},{"taxonomy":"post_tag","embeddable":true,"href":"https:\/\/ucnoqta.az\/index.php?rest_route=%2Fwp%2Fv2%2Ftags&post=78240"}],"curies":[{"name":"wp","href":"https:\/\/api.w.org\/{rel}","templated":true}]}}