{"id":77081,"date":"2019-03-25T14:00:16","date_gmt":"2019-03-25T10:00:16","guid":{"rendered":""},"modified":"-0001-11-30T00:00:00","modified_gmt":"-0001-11-29T20:00:00","slug":"","status":"publish","type":"post","link":"https:\/\/ucnoqta.az\/?p=77081","title":{"rendered":"T\u00fcrkiy\u0259 Rusiya v\u0259t\u0259nda\u015flar\u0131 \u00fc\u00e7\u00fcn vizan\u0131 l\u0259\u011fv edir"},"content":{"rendered":"<p><strong>&ldquo;Rusiya v\u0259t\u0259nda\u015flar\u0131n\u0131n T&uuml;rkiy\u0259y\u0259 pasportsuz g\u0259lm\u0259sin\u0259 imkan yaratmaqla ba\u011fl\u0131 m&uuml;zakir\u0259l\u0259r apar\u0131r\u0131q&rdquo;.&nbsp;<\/strong><\/p>\n<p>&ldquo;Report&rdquo; &ldquo;Haberler&rdquo;\u0259 istinad\u0259n x\u0259b\u0259r verir ki, bunu T&uuml;rkiy\u0259nin xarici i\u015fl\u0259r naziri&nbsp;M&ouml;vlud &Ccedil;avu\u015fo\u011flu&nbsp;bildirib. Onun s&ouml;zl\u0259rin\u0259 g&ouml;r\u0259, mart\u0131n 28-d\u0259 Rusiyan\u0131n xarici i\u015fl\u0259r naziri&nbsp;Sergey Lavrov&nbsp;T&uuml;rkiy\u0259y\u0259 s\u0259f\u0259r ed\u0259c\u0259k. X\u0130N ba\u015f&ccedil;\u0131lar\u0131&nbsp;Antaliyada bir araya&nbsp;g\u0259l\u0259c\u0259kl\u0259r:<\/p>\n<p>&ldquo;Vizan\u0131n l\u0259\u011fv olunmas\u0131n\u0131n&nbsp;detallar\u0131n\u0131 m&uuml;zakir\u0259 ed\u0259c\u0259yik. Aprelin 8-d\u0259 is\u0259 Moskvaya ged\u0259c\u0259yik&rdquo;.<\/p>\n","protected":false},"excerpt":{"rendered":"<p>&ldquo;Rusiya v\u0259t\u0259nda\u015flar\u0131n\u0131n T&uuml;rkiy\u0259y\u0259 pasportsuz g\u0259lm\u0259sin\u0259 imkan yaratmaqla ba\u011fl\u0131 m&uuml;zakir\u0259l\u0259r apar\u0131r\u0131q&rdquo;.&nbsp; &ldquo;Report&rdquo; &ldquo;Haberler&rdquo;\u0259 istinad\u0259n x\u0259b\u0259r verir ki, bunu T&uuml;rkiy\u0259nin xarici i\u015fl\u0259r naziri&nbsp;M&ouml;vlud &Ccedil;avu\u015fo\u011flu&nbsp;bildirib. Onun s&ouml;zl\u0259rin\u0259 g&ouml;r\u0259, mart\u0131n 28-d\u0259 Rusiyan\u0131n xarici i\u015fl\u0259r&hellip;<\/p>\n","protected":false},"author":1,"featured_media":251278,"comment_status":"open","ping_status":"open","sticky":false,"template":"","format":"standard","meta":{"_lmt_disableupdate":"","_lmt_disable":"","footnotes":""},"categories":[89],"tags":[],"class_list":["post-77081","post","type-post","status-publish","format-standard","has-post-thumbnail","hentry","category-dunya-butun-xeberler"],"_links":{"self":[{"href":"https:\/\/ucnoqta.az\/index.php?rest_route=\/wp\/v2\/posts\/77081","targetHints":{"allow":["GET"]}}],"collection":[{"href":"https:\/\/ucnoqta.az\/index.php?rest_route=\/wp\/v2\/posts"}],"about":[{"href":"https:\/\/ucnoqta.az\/index.php?rest_route=\/wp\/v2\/types\/post"}],"author":[{"embeddable":true,"href":"https:\/\/ucnoqta.az\/index.php?rest_route=\/wp\/v2\/users\/1"}],"replies":[{"embeddable":true,"href":"https:\/\/ucnoqta.az\/index.php?rest_route=%2Fwp%2Fv2%2Fcomments&post=77081"}],"version-history":[{"count":0,"href":"https:\/\/ucnoqta.az\/index.php?rest_route=\/wp\/v2\/posts\/77081\/revisions"}],"wp:featuredmedia":[{"embeddable":true,"href":"https:\/\/ucnoqta.az\/index.php?rest_route=\/wp\/v2\/media\/251278"}],"wp:attachment":[{"href":"https:\/\/ucnoqta.az\/index.php?rest_route=%2Fwp%2Fv2%2Fmedia&parent=77081"}],"wp:term":[{"taxonomy":"category","embeddable":true,"href":"https:\/\/ucnoqta.az\/index.php?rest_route=%2Fwp%2Fv2%2Fcategories&post=77081"},{"taxonomy":"post_tag","embeddable":true,"href":"https:\/\/ucnoqta.az\/index.php?rest_route=%2Fwp%2Fv2%2Ftags&post=77081"}],"curies":[{"name":"wp","href":"https:\/\/api.w.org\/{rel}","templated":true}]}}