{"id":77080,"date":"2019-03-25T13:40:03","date_gmt":"2019-03-25T09:40:03","guid":{"rendered":""},"modified":"-0001-11-30T00:00:00","modified_gmt":"-0001-11-29T20:00:00","slug":"","status":"publish","type":"post","link":"https:\/\/ucnoqta.az\/?p=77080","title":{"rendered":"Aprel ay\u0131ndan m\u00fcharib\u0259 veteranlar\u0131na Prezident t\u0259qa\u00fcd\u00fc t\u0259yin olunacaq"},"content":{"rendered":"<p><strong>Aprelin \u0259vv\u0259lind\u0259n m&uuml;harib\u0259 veteranlar\u0131na Prezidentin ayl\u0131q t\u0259qa&uuml;d&uuml; t\u0259yin olunacaq.<\/strong><\/p>\n<p>\u018fm\u0259k v\u0259 \u018fhalinin Sosial M&uuml;dafi\u0259si Nazirliyinin \u0130ctimaiyy\u0259tl\u0259 \u0259laq\u0259l\u0259r v\u0259 kommunikasiya \u015f&ouml;b\u0259sind\u0259n Ucnoqta.az-a veril\u0259n m\u0259lumata g&ouml;r\u0259, Az\u0259rbaycan Prezidenti \u0130lham \u018fliyevin 25 fevral 2019-cu il tarixli s\u0259r\u0259ncam\u0131nda m&uuml;harib\u0259 veteranlar\u0131 &uuml;&ccedil;&uuml;n Prezidentin ayl\u0131q t\u0259qa&uuml;d&uuml;n&uuml;n t\u0259sis olunmas\u0131 n\u0259z\u0259rd\u0259 tutulur.<\/p>\n<p>S\u0259r\u0259ncama uy\u011fun olaraq, aprelin \u0259vv\u0259lind\u0259n m&uuml;harib\u0259 veteranlar\u0131na kommunal, n\u0259qliyyat v\u0259 dig\u0259r xidm\u0259tl\u0259r\u0259 g&ouml;r\u0259 sosial m&uuml;avin\u0259t (55 manat) \u0259v\u0259zin\u0259, habel\u0259 d&ouml;y&uuml;\u015f\u0259n ordunun t\u0259rkibind\u0259 xidm\u0259t etmi\u015f m&uuml;harib\u0259 i\u015ftirak&ccedil;\u0131lar\u0131n\u0131n \u0259m\u0259k pensiyas\u0131n\u0131n s\u0131\u011forta hiss\u0259sin\u0259 \u0259lav\u0259 (11 manat) \u0259v\u0259zin\u0259 Prezidentin 80 manat m\u0259bl\u0259\u011find\u0259 ayl\u0131q t\u0259qa&uuml;d&uuml; t\u0259yin olunacaq.<\/p>\n<p>Bu da 80 min n\u0259f\u0259rd\u0259n ibar\u0259t m&uuml;harib\u0259 veteranlar\u0131na d&ouml;vl\u0259t d\u0259st\u0259yinin \u0259h\u0259miyy\u0259tli \u015f\u0259kild\u0259 art\u0131r\u0131ld\u0131\u011f\u0131n\u0131 g&ouml;st\u0259rir.<\/p>\n<p>Qeyd olunan t\u0259qa&uuml;d&uuml;n &ouml;d\u0259nilm\u0259si &uuml;&ccedil;&uuml;n il \u0259rzind\u0259 \u0259lav\u0259 80 milyon manat \u0259lav\u0259 v\u0259sait ayr\u0131lacaq.<\/p>\n","protected":false},"excerpt":{"rendered":"<p>Aprelin \u0259vv\u0259lind\u0259n m&uuml;harib\u0259 veteranlar\u0131na Prezidentin ayl\u0131q t\u0259qa&uuml;d&uuml; t\u0259yin olunacaq. \u018fm\u0259k v\u0259 \u018fhalinin Sosial M&uuml;dafi\u0259si Nazirliyinin \u0130ctimaiyy\u0259tl\u0259 \u0259laq\u0259l\u0259r v\u0259 kommunikasiya \u015f&ouml;b\u0259sind\u0259n Ucnoqta.az-a veril\u0259n m\u0259lumata g&ouml;r\u0259, Az\u0259rbaycan Prezidenti \u0130lham \u018fliyevin 25 fevral&hellip;<\/p>\n","protected":false},"author":1,"featured_media":251278,"comment_status":"open","ping_status":"open","sticky":false,"template":"","format":"standard","meta":{"_lmt_disableupdate":"","_lmt_disable":"","footnotes":""},"categories":[],"tags":[],"class_list":["post-77080","post","type-post","status-publish","format-standard","has-post-thumbnail","hentry"],"_links":{"self":[{"href":"https:\/\/ucnoqta.az\/index.php?rest_route=\/wp\/v2\/posts\/77080","targetHints":{"allow":["GET"]}}],"collection":[{"href":"https:\/\/ucnoqta.az\/index.php?rest_route=\/wp\/v2\/posts"}],"about":[{"href":"https:\/\/ucnoqta.az\/index.php?rest_route=\/wp\/v2\/types\/post"}],"author":[{"embeddable":true,"href":"https:\/\/ucnoqta.az\/index.php?rest_route=\/wp\/v2\/users\/1"}],"replies":[{"embeddable":true,"href":"https:\/\/ucnoqta.az\/index.php?rest_route=%2Fwp%2Fv2%2Fcomments&post=77080"}],"version-history":[{"count":0,"href":"https:\/\/ucnoqta.az\/index.php?rest_route=\/wp\/v2\/posts\/77080\/revisions"}],"wp:featuredmedia":[{"embeddable":true,"href":"https:\/\/ucnoqta.az\/index.php?rest_route=\/wp\/v2\/media\/251278"}],"wp:attachment":[{"href":"https:\/\/ucnoqta.az\/index.php?rest_route=%2Fwp%2Fv2%2Fmedia&parent=77080"}],"wp:term":[{"taxonomy":"category","embeddable":true,"href":"https:\/\/ucnoqta.az\/index.php?rest_route=%2Fwp%2Fv2%2Fcategories&post=77080"},{"taxonomy":"post_tag","embeddable":true,"href":"https:\/\/ucnoqta.az\/index.php?rest_route=%2Fwp%2Fv2%2Ftags&post=77080"}],"curies":[{"name":"wp","href":"https:\/\/api.w.org\/{rel}","templated":true}]}}