{"id":77078,"date":"2019-03-25T12:37:17","date_gmt":"2019-03-25T08:37:17","guid":{"rendered":""},"modified":"-0001-11-30T00:00:00","modified_gmt":"-0001-11-29T20:00:00","slug":"","status":"publish","type":"post","link":"https:\/\/ucnoqta.az\/?p=77078","title":{"rendered":"D\u00fcnya \u00e7empionu Ramil Hac\u0131yevin qarda\u015f\u0131 d\u0259h\u015f\u0259tli q\u0259zada \u00f6ld\u00fc &#8211; <font color=red><b>Video<\/b><\/font>"},"content":{"rendered":"<p><strong>Ukraynan\u0131n Odessa \u015f\u0259h\u0259rind\u0259 &ldquo;BMW&rdquo; markal\u0131 avtomobil Qaqarin prospektind\u0259 idar\u0259etm\u0259ni itir\u0259r\u0259k park edilmi\u015f &ldquo;Hyundai Sonata&rdquo;yla toqqu\u015fub v\u0259 elektrik dir\u0259yin\u0259 &ccedil;\u0131rp\u0131l\u0131b.<\/strong><\/p>\n<p>&ldquo;Qafqazinfo&rdquo; Ukrayna K\u0130V-n\u0259 istinad\u0259n x\u0259b\u0259r verir ki, n\u0259tic\u0259d\u0259 &ldquo;BMW&rdquo;nin 33 ya\u015fl\u0131 qad\u0131n s\u0259rni\u015fini hadis\u0259 yerind\u0259, 22 ya\u015fl\u0131 \u015eamil Hac\u0131yev is\u0259 x\u0259st\u0259xanada d&uuml;nyas\u0131n\u0131 d\u0259yi\u015fib. Hadis\u0259 \u015fahidl\u0259rinin s&ouml;zl\u0259rin\u0259 g&ouml;r\u0259, z\u0259rb\u0259nin g&uuml;c&uuml;nd\u0259n avtomobil bir ne&ccedil;\u0259 d\u0259f\u0259 havada f\u0131rlan\u0131b v\u0259 yanaraq hiss\u0259l\u0259r\u0259 par&ccedil;alan\u0131b. Faktla ba\u011fl\u0131 cinay\u0259t i\u015fi a&ccedil;\u0131l\u0131b.<\/p>\n<p>Qeyd ed\u0259k ki, \u015eamil Hac\u0131yev sahibkar Q\u0259z\u0259nf\u0259r Hac\u0131yevin o\u011flu, boks &uuml;zr\u0259 d&uuml;nya &ccedil;empionu Ramil Hac\u0131yevin qarda\u015f\u0131d\u0131r.<\/p>\n<p><iframe allow=\"accelerometer; autoplay; encrypted-media; gyroscope; picture-in-picture\" allowfullscreen=\"\" frameborder=\"0\" height=\"315\" src=\"https:\/\/www.youtube.com\/embed\/su1VZZDlyPI\" width=\"560\"><\/iframe><\/p>\n","protected":false},"excerpt":{"rendered":"<p>Ukraynan\u0131n Odessa \u015f\u0259h\u0259rind\u0259 &ldquo;BMW&rdquo; markal\u0131 avtomobil Qaqarin prospektind\u0259 idar\u0259etm\u0259ni itir\u0259r\u0259k park edilmi\u015f &ldquo;Hyundai Sonata&rdquo;yla toqqu\u015fub v\u0259 elektrik dir\u0259yin\u0259 &ccedil;\u0131rp\u0131l\u0131b. &ldquo;Qafqazinfo&rdquo; Ukrayna K\u0130V-n\u0259 istinad\u0259n x\u0259b\u0259r verir ki, n\u0259tic\u0259d\u0259 &ldquo;BMW&rdquo;nin 33 ya\u015fl\u0131&hellip;<\/p>\n","protected":false},"author":1,"featured_media":251278,"comment_status":"open","ping_status":"open","sticky":false,"template":"","format":"standard","meta":{"_lmt_disableupdate":"","_lmt_disable":"","footnotes":""},"categories":[],"tags":[],"class_list":["post-77078","post","type-post","status-publish","format-standard","has-post-thumbnail","hentry"],"_links":{"self":[{"href":"https:\/\/ucnoqta.az\/index.php?rest_route=\/wp\/v2\/posts\/77078","targetHints":{"allow":["GET"]}}],"collection":[{"href":"https:\/\/ucnoqta.az\/index.php?rest_route=\/wp\/v2\/posts"}],"about":[{"href":"https:\/\/ucnoqta.az\/index.php?rest_route=\/wp\/v2\/types\/post"}],"author":[{"embeddable":true,"href":"https:\/\/ucnoqta.az\/index.php?rest_route=\/wp\/v2\/users\/1"}],"replies":[{"embeddable":true,"href":"https:\/\/ucnoqta.az\/index.php?rest_route=%2Fwp%2Fv2%2Fcomments&post=77078"}],"version-history":[{"count":0,"href":"https:\/\/ucnoqta.az\/index.php?rest_route=\/wp\/v2\/posts\/77078\/revisions"}],"wp:featuredmedia":[{"embeddable":true,"href":"https:\/\/ucnoqta.az\/index.php?rest_route=\/wp\/v2\/media\/251278"}],"wp:attachment":[{"href":"https:\/\/ucnoqta.az\/index.php?rest_route=%2Fwp%2Fv2%2Fmedia&parent=77078"}],"wp:term":[{"taxonomy":"category","embeddable":true,"href":"https:\/\/ucnoqta.az\/index.php?rest_route=%2Fwp%2Fv2%2Fcategories&post=77078"},{"taxonomy":"post_tag","embeddable":true,"href":"https:\/\/ucnoqta.az\/index.php?rest_route=%2Fwp%2Fv2%2Ftags&post=77078"}],"curies":[{"name":"wp","href":"https:\/\/api.w.org\/{rel}","templated":true}]}}